{"id":16047,"date":"2013-10-16T12:35:32","date_gmt":"2013-10-16T17:35:32","guid":{"rendered":"http:\/\/www.ambiente.gob.ec\/?p=16047"},"modified":"2013-10-16T12:35:32","modified_gmt":"2013-10-16T17:35:32","slug":"ministra-tapia-resalto-importancia-de-plataforma-de-investigacion-y-anuncio-creacion-del-instituto-nacional-de-biodiversidad","status":"publish","type":"post","link":"https:\/\/www.ambienteyenergia.gob.ec\/ambiente\/ministra-tapia-resalto-importancia-de-plataforma-de-investigacion-y-anuncio-creacion-del-instituto-nacional-de-biodiversidad\/","title":{"rendered":"Ministra Tapia resalt\u00f3 importancia de Plataforma de Investigaci\u00f3n y anunci\u00f3 creaci\u00f3n del Instituto Nacional de Biodiversidad"},"content":{"rendered":"<p style=\"text-align: justify;\">Hoy, la Ministra del Ambiente, Lorena Tapia, particip\u00f3 en la inauguraci\u00f3n de la \u201cPlataforma de Monitoreo e Investigaci\u00f3n de la Biodiversidad y los Ecosistemas en el Sur del Ecuador\u201d, que tiene como objetivo generar informaci\u00f3n \u00fatil para el manejo del Parque Nacional Cajas y otros ecosistemas de importancia, a trav\u00e9s de una estructura de investigaci\u00f3n coordinada a nivel local y nacional, con el apoyo de universidades internacionales. El evento organizado por la Alcald\u00eda de Cuenca y su empresa ETAPA EP, se desarroll\u00f3 en las instalaciones de la Villa San Carlos, en la ciudad de Cuenca, provincia del Azuay.<\/p>\n<p style=\"text-align: justify;\">Al acto asistieron Paul Granda, Alcalde de Cuenca; Alexander Olbrich, Embajador de Alemania; Dietrich Halm, Director de la oficina Am\u00e9rica Latina de la DFG; Ximena Amoroso, Subsecretar\u00eda General de Ciencia y Tecnolog\u00eda de la Secretaria Nacional de Ciencia, Tecnolog\u00eda e Innovaci\u00f3n (SENESCYT) y Fabi\u00e1n Carrasco, Rector de la Universidad de Cuenca.<\/p>\n<p style=\"text-align: justify;\">Este nuevo proyecto pretende estudiar los impactos que generan el cambio de uso del suelo y el cambio clim\u00e1tico global sobre la biodiversidad, los ecosistemas y sus servicios ambientales. El estudio engloba tres ecosistemas, los Bosques Montanos Nublados de la cordillera oriental en el sur del Ecuador, el Bosque seco en Macar\u00e1 y el P\u00e1ramo en el Parque Nacional Cajas.<\/p>\n<p style=\"text-align: justify;\">La Ministra Tapia, en su discurso asegur\u00f3 que \u201cel reconocimiento constitucional de la biodiversidad como un recurso estrat\u00e9gico del Estado ha permitido promover la investigaci\u00f3n, la formaci\u00f3n del talento humano y el desarrollo de las capacidades cient\u00edficas que requiere el pa\u00eds, para concretar la visi\u00f3n del buen vivir acordado en Montecristi\u201d.<\/p>\n<p style=\"text-align: justify;\">Esta investigaci\u00f3n binacional busca la promoci\u00f3n y el fortalecimiento de las capacidades cient\u00edficas locales. En ese sentido, la Titular de esta Cartera de Estado afirm\u00f3 que \u201cla gesti\u00f3n del conocimiento, visto ahora como un bien p\u00fablico, hace posible so\u00f1ar que en un futuro no muy lejano, el bioconocimiento sea el motor de la producci\u00f3n de bienes y servicios derivados de la biodiversidad, que no solo permitan al Ecuador diversificar la matriz de producci\u00f3n y consumo nacional, sino que est\u00e9 en la capacidad de generar una oferta exportable de productos y servicios de alto valor agregado\u201d.<\/p>\n<p style=\"text-align: justify;\">Asimismo, la Ministra Tapia anunci\u00f3 la pronta creaci\u00f3n del Instituto Nacional de Biodiversidad, desde el que se podr\u00e1 articular y potenciar todas las iniciativas nacionales de investigaci\u00f3n y monitoreo de la biodiversidad. \u201cEsto nos permitir\u00e1 integrar el conocimiento cient\u00edfico y los saberes ancestrales, para alcanzar el sue\u00f1o del Sumak Kawsay\u201d.<\/p>\n<p style=\"text-align: justify;\">Finalmente, Pa\u00fal Granda, Alcalde de Cuenca, agradeci\u00f3 la presencia de la Ministra del Ambiente, Lorena Tapia y el apoyo que esta Cartera de Estado brinda a la investigaci\u00f3n cient\u00edfica nacional. Adem\u00e1s, recalc\u00f3 en que esta plataforma de investigaci\u00f3n representa un hito para Cuenca.<\/p>\n<p style=\"text-align: justify;\">\n","protected":false},"excerpt":{"rendered":"<p class=\"excerpt\">Hoy, la Ministra del Ambiente, Lorena Tapia, particip\u00f3 en la inauguraci\u00f3n de la \u201cPlataforma de Monitoreo e Investigaci\u00f3n de la Biodiversidad y los Ecosistemas en el Sur del Ecuador\u201d, que tiene como objetivo generar informaci\u00f3n \u00fatil para el manejo del Parque Nacional Cajas y otros ecosistemas de importancia, a trav\u00e9s de una estructura de investigaci\u00f3n coordinada a nivel local y&hellip; <a href=\"https:\/\/www.ambienteyenergia.gob.ec\/ambiente\/ministra-tapia-resalto-importancia-de-plataforma-de-investigacion-y-anuncio-creacion-del-instituto-nacional-de-biodiversidad\/\">Read more &rarr;<\/a><\/p>\n","protected":false},"author":13,"featured_media":16048,"comment_status":"open","ping_status":"open","sticky":false,"template":"","format":"standard","meta":{"footnotes":""},"categories":[16,4],"tags":[],"class_list":["post-16047","post","type-post","status-publish","format-standard","has-post-thumbnail","hentry","category-comunicamos","category-noticias","xfolkentry"],"_links":{"self":[{"href":"https:\/\/www.ambienteyenergia.gob.ec\/ambiente\/wp-json\/wp\/v2\/posts\/16047","targetHints":{"allow":["GET"]}}],"collection":[{"href":"https:\/\/www.ambienteyenergia.gob.ec\/ambiente\/wp-json\/wp\/v2\/posts"}],"about":[{"href":"https:\/\/www.ambienteyenergia.gob.ec\/ambiente\/wp-json\/wp\/v2\/types\/post"}],"author":[{"embeddable":true,"href":"https:\/\/www.ambienteyenergia.gob.ec\/ambiente\/wp-json\/wp\/v2\/users\/13"}],"replies":[{"embeddable":true,"href":"https:\/\/www.ambienteyenergia.gob.ec\/ambiente\/wp-json\/wp\/v2\/comments?post=16047"}],"version-history":[{"count":0,"href":"https:\/\/www.ambienteyenergia.gob.ec\/ambiente\/wp-json\/wp\/v2\/posts\/16047\/revisions"}],"wp:featuredmedia":[{"embeddable":true,"href":"https:\/\/www.ambienteyenergia.gob.ec\/ambiente\/wp-json\/wp\/v2\/media\/16048"}],"wp:attachment":[{"href":"https:\/\/www.ambienteyenergia.gob.ec\/ambiente\/wp-json\/wp\/v2\/media?parent=16047"}],"wp:term":[{"taxonomy":"category","embeddable":true,"href":"https:\/\/www.ambienteyenergia.gob.ec\/ambiente\/wp-json\/wp\/v2\/categories?post=16047"},{"taxonomy":"post_tag","embeddable":true,"href":"https:\/\/www.ambienteyenergia.gob.ec\/ambiente\/wp-json\/wp\/v2\/tags?post=16047"}],"curies":[{"name":"wp","href":"https:\/\/api.w.org\/{rel}","templated":true}]}}