{"id":16036,"date":"2013-10-16T10:57:46","date_gmt":"2013-10-16T15:57:46","guid":{"rendered":"http:\/\/www.ambiente.gob.ec\/?p=16036"},"modified":"2013-10-16T10:57:46","modified_gmt":"2013-10-16T15:57:46","slug":"mae-dicto-taller-de-regularizacion-ambiental-al-gobierno-provincial-de-imbabura","status":"publish","type":"post","link":"https:\/\/www.ambienteyenergia.gob.ec\/ambiente\/mae-dicto-taller-de-regularizacion-ambiental-al-gobierno-provincial-de-imbabura\/","title":{"rendered":"MAE dict\u00f3 Taller de Regularizaci\u00f3n Ambiental  al  Gobierno Provincial de Imbabura"},"content":{"rendered":"<p style=\"text-align: justify;\">Alrededor de 30 funcionarios t\u00e9cnicos y directivos del Gobierno Provincial de Imbabura participaron en Taller de Regularizaci\u00f3n Ambiental, impartido el pasado 10 de octubre, por la Direcci\u00f3n Provincial del Ambiente de Imbabura, a trav\u00e9s de la Unidad de Calidad Ambiental. Entre los temas que se abordaron est\u00e1n los aspectos t\u00e9cnicos de la Nueva Categorizaci\u00f3n Ambiental Nacional y su aplicaci\u00f3n, mediante la utilizaci\u00f3n del Sistema \u00danico de Informaci\u00f3n Ambiental (SUIA).<\/p>\n<p style=\"text-align: justify;\">En esta capacitaci\u00f3n se explic\u00f3 que el SUIA es una plataforma que fue desarrollada por el Ministerio del Ambiente (MAE) para la gesti\u00f3n de tr\u00e1mites y proyectos encaminados al control, registro, mantenimiento y preservaci\u00f3n del ambiente.<\/p>\n<p style=\"text-align: justify;\">Esta Cartera de Estado busca ejercer en forma eficaz y eficiente la legislaci\u00f3n ambiental vigente en el Ecuador, con el prop\u00f3sito de solucionar los problemas y promover la mejora continua en todos los procesos productivos, mitigando la contaminaci\u00f3n.<\/p>\n","protected":false},"excerpt":{"rendered":"<p class=\"excerpt\">Alrededor de 30 funcionarios t\u00e9cnicos y directivos del Gobierno Provincial de Imbabura participaron en Taller de Regularizaci\u00f3n Ambiental, impartido el pasado 10 de octubre, por la Direcci\u00f3n Provincial del Ambiente de Imbabura, a trav\u00e9s de la Unidad de Calidad Ambiental. Entre los temas que se abordaron est\u00e1n los aspectos t\u00e9cnicos de la Nueva Categorizaci\u00f3n Ambiental Nacional y su aplicaci\u00f3n, mediante&hellip; <a href=\"https:\/\/www.ambienteyenergia.gob.ec\/ambiente\/mae-dicto-taller-de-regularizacion-ambiental-al-gobierno-provincial-de-imbabura\/\">Read more &rarr;<\/a><\/p>\n","protected":false},"author":13,"featured_media":16037,"comment_status":"open","ping_status":"open","sticky":false,"template":"","format":"standard","meta":{"footnotes":""},"categories":[16,4],"tags":[],"class_list":["post-16036","post","type-post","status-publish","format-standard","has-post-thumbnail","hentry","category-comunicamos","category-noticias","xfolkentry"],"_links":{"self":[{"href":"https:\/\/www.ambienteyenergia.gob.ec\/ambiente\/wp-json\/wp\/v2\/posts\/16036","targetHints":{"allow":["GET"]}}],"collection":[{"href":"https:\/\/www.ambienteyenergia.gob.ec\/ambiente\/wp-json\/wp\/v2\/posts"}],"about":[{"href":"https:\/\/www.ambienteyenergia.gob.ec\/ambiente\/wp-json\/wp\/v2\/types\/post"}],"author":[{"embeddable":true,"href":"https:\/\/www.ambienteyenergia.gob.ec\/ambiente\/wp-json\/wp\/v2\/users\/13"}],"replies":[{"embeddable":true,"href":"https:\/\/www.ambienteyenergia.gob.ec\/ambiente\/wp-json\/wp\/v2\/comments?post=16036"}],"version-history":[{"count":0,"href":"https:\/\/www.ambienteyenergia.gob.ec\/ambiente\/wp-json\/wp\/v2\/posts\/16036\/revisions"}],"wp:featuredmedia":[{"embeddable":true,"href":"https:\/\/www.ambienteyenergia.gob.ec\/ambiente\/wp-json\/wp\/v2\/media\/16037"}],"wp:attachment":[{"href":"https:\/\/www.ambienteyenergia.gob.ec\/ambiente\/wp-json\/wp\/v2\/media?parent=16036"}],"wp:term":[{"taxonomy":"category","embeddable":true,"href":"https:\/\/www.ambienteyenergia.gob.ec\/ambiente\/wp-json\/wp\/v2\/categories?post=16036"},{"taxonomy":"post_tag","embeddable":true,"href":"https:\/\/www.ambienteyenergia.gob.ec\/ambiente\/wp-json\/wp\/v2\/tags?post=16036"}],"curies":[{"name":"wp","href":"https:\/\/api.w.org\/{rel}","templated":true}]}}