{"id":16031,"date":"2013-10-16T10:25:06","date_gmt":"2013-10-16T15:25:06","guid":{"rendered":"http:\/\/www.ambiente.gob.ec\/?p=16031"},"modified":"2013-10-16T10:25:06","modified_gmt":"2013-10-16T15:25:06","slug":"la-direccion-provincial-del-ambiente-de-napo-rescato-cuatro-boas-constrictor-en-puerto-de-misahualli-napo","status":"publish","type":"post","link":"https:\/\/www.ambienteyenergia.gob.ec\/ambiente\/la-direccion-provincial-del-ambiente-de-napo-rescato-cuatro-boas-constrictor-en-puerto-de-misahualli-napo\/","title":{"rendered":"La Direcci\u00f3n Provincial del Ambiente de Napo rescat\u00f3 cuatro boas constrictor en Puerto de Misahualli  (Napo)"},"content":{"rendered":"<p style=\"text-align: justify;\">El pasado 10 de octubre, en un operativo conjunto, personal del Ministerio del Ambiente (MAE), miembros de la Unidad de Polic\u00eda Comunitaria de Misahualli, y de la Unidad de Protecci\u00f3n de Medio Ambiente (UPMA) de la Polic\u00eda Nacional ingresaron a la comunidades de Muyuna y Allu Awarina, ubicadas en la riveras del r\u00edo Napo, y decomisaron cuatro boas constrictor que eran utilizadas como atractivo tur\u00edstico, mantenidas en condiciones nocivas para su normal desarrollo.<\/p>\n<p style=\"text-align: justify;\">En la comunidad de Muyuna se retuvieron tres boas que se encontraban en una caja de madera sellada con candado, mientras que, en Allu Awarina se decomis\u00f3 un ejemplar. Se evidenciaron dos cajas m\u00e1s, donde\u00a0 presumiblemente se encontraban otras boas, pero \u00e9stas fueron escondidas por los comuneros.<\/p>\n<p style=\"text-align: justify;\">Los cuatro espec\u00edmenes fueron trasladados hasta el Centro de Rescate Amazoonico, donde fueron revisadas. Uno de los animales estaba amordazado, y otro ten\u00eda la piel lastimada. Este es un delito ambiental por lo que se iniciar\u00e1 el respectivo proceso administrativo a los presidentes de las comunidades mencionadas.<\/p>\n<p style=\"text-align: justify;\">Pese a que, en estas comunidades, el MAE, a trav\u00e9s de la Direcci\u00f3n Provincial de Napo, ha impartido charlas educativas sobre la ilegalidad en la tenencia y uso de fauna silvestre, algunos pobladores mantienen a estos animales en cajas, los exhiben a los turistas y cobran un valor monetario por una fotograf\u00eda con el ejemplar. \u00a0Esta actividad atenta contra la vida del esp\u00e9cimen, porque las lociones, perfumes, protector solar y repelentes, entre otra sustancias que usan los visitantes, contienen qu\u00edmicos que afectan a la piel de las boas, y causan su muerte a largo plazo.<\/p>\n<p style=\"text-align: justify;\">Esta Cartera de Estado realiza operativos\u00a0 en estos sitios tur\u00edsticos, imparte capacitaciones de manera constante, y difunde de spots publicitarios, entre otras acciones encaminadas a erradicar esta actividad que atenta contra la vida silvestre.<\/p>\n<p style=\"text-align: justify;\"><strong>El dato: <\/strong><\/p>\n<p style=\"text-align: justify;\">La <em>Boa constrictor\u00a0 constrictor<\/em>\u00a0 est\u00e1 registrado en el Ap\u00e9ndice II de la Convenci\u00f3n sobre el Comercio Internacional de Especies Amenazadas de Fauna y Flora Silvestres (CITES). Es decir, la especie no se encuentran en peligro, pero pueden llegar a este nivel si no se controla su comercio.<\/p>\n<p style=\"text-align: justify;\"><a href=\"http:\/\/www.ambienteyenergia.gob.ec\/ambiente\/wp-content\/uploads\/2013\/10\/P1060350.jpg\"><img loading=\"lazy\" decoding=\"async\" class=\"aligncenter size-full wp-image-16033\" title=\"La Direcci\u00f3n Provincial del Ambiente de Napo rescat\u00f3 cuatro boas constrictor en Puerto de Misahualli  (Napo)\" src=\"http:\/\/www.ambienteyenergia.gob.ec\/ambiente\/wp-content\/uploads\/2013\/10\/P1060350.jpg\" alt=\"\" width=\"650\" height=\"488\" srcset=\"https:\/\/www.ambienteyenergia.gob.ec\/ambiente\/wp-content\/uploads\/sites\/2\/2013\/10\/P1060350.jpg 650w, https:\/\/www.ambienteyenergia.gob.ec\/ambiente\/wp-content\/uploads\/sites\/2\/2013\/10\/P1060350-300x225.jpg 300w, https:\/\/www.ambienteyenergia.gob.ec\/ambiente\/wp-content\/uploads\/sites\/2\/2013\/10\/P1060350-399x300.jpg 399w\" sizes=\"auto, (max-width: 650px) 100vw, 650px\" \/><\/a><\/p>\n","protected":false},"excerpt":{"rendered":"<p class=\"excerpt\">El pasado 10 de octubre, en un operativo conjunto, personal del Ministerio del Ambiente (MAE), miembros de la Unidad de Polic\u00eda Comunitaria de Misahualli, y de la Unidad de Protecci\u00f3n de Medio Ambiente (UPMA) de la Polic\u00eda Nacional ingresaron a la comunidades de Muyuna y Allu Awarina, ubicadas en la riveras del r\u00edo Napo, y decomisaron cuatro boas constrictor que&hellip; <a href=\"https:\/\/www.ambienteyenergia.gob.ec\/ambiente\/la-direccion-provincial-del-ambiente-de-napo-rescato-cuatro-boas-constrictor-en-puerto-de-misahualli-napo\/\">Read more &rarr;<\/a><\/p>\n","protected":false},"author":13,"featured_media":16034,"comment_status":"open","ping_status":"open","sticky":false,"template":"","format":"standard","meta":{"footnotes":""},"categories":[16,4],"tags":[],"class_list":["post-16031","post","type-post","status-publish","format-standard","has-post-thumbnail","hentry","category-comunicamos","category-noticias","xfolkentry"],"_links":{"self":[{"href":"https:\/\/www.ambienteyenergia.gob.ec\/ambiente\/wp-json\/wp\/v2\/posts\/16031","targetHints":{"allow":["GET"]}}],"collection":[{"href":"https:\/\/www.ambienteyenergia.gob.ec\/ambiente\/wp-json\/wp\/v2\/posts"}],"about":[{"href":"https:\/\/www.ambienteyenergia.gob.ec\/ambiente\/wp-json\/wp\/v2\/types\/post"}],"author":[{"embeddable":true,"href":"https:\/\/www.ambienteyenergia.gob.ec\/ambiente\/wp-json\/wp\/v2\/users\/13"}],"replies":[{"embeddable":true,"href":"https:\/\/www.ambienteyenergia.gob.ec\/ambiente\/wp-json\/wp\/v2\/comments?post=16031"}],"version-history":[{"count":0,"href":"https:\/\/www.ambienteyenergia.gob.ec\/ambiente\/wp-json\/wp\/v2\/posts\/16031\/revisions"}],"wp:featuredmedia":[{"embeddable":true,"href":"https:\/\/www.ambienteyenergia.gob.ec\/ambiente\/wp-json\/wp\/v2\/media\/16034"}],"wp:attachment":[{"href":"https:\/\/www.ambienteyenergia.gob.ec\/ambiente\/wp-json\/wp\/v2\/media?parent=16031"}],"wp:term":[{"taxonomy":"category","embeddable":true,"href":"https:\/\/www.ambienteyenergia.gob.ec\/ambiente\/wp-json\/wp\/v2\/categories?post=16031"},{"taxonomy":"post_tag","embeddable":true,"href":"https:\/\/www.ambienteyenergia.gob.ec\/ambiente\/wp-json\/wp\/v2\/tags?post=16031"}],"curies":[{"name":"wp","href":"https:\/\/api.w.org\/{rel}","templated":true}]}}