{"id":16023,"date":"2013-10-16T08:42:01","date_gmt":"2013-10-16T13:42:01","guid":{"rendered":"http:\/\/www.ambiente.gob.ec\/?p=16023"},"modified":"2013-10-16T11:29:53","modified_gmt":"2013-10-16T16:29:53","slug":"mae-trabaja-por-un-estero-salado-mas-limpio","status":"publish","type":"post","link":"https:\/\/www.ambienteyenergia.gob.ec\/ambiente\/mae-trabaja-por-un-estero-salado-mas-limpio\/","title":{"rendered":"MAE trabaja por un Estero Salado m\u00e1s limpio"},"content":{"rendered":"<p style=\"text-align: justify;\">Como parte de las acciones que se ejecutan para la recuperaci\u00f3n de este brazo de mar, el Ministerio del Ambiente (MAE), a trav\u00e9s del Proyecto Guayaquil Ecol\u00f3gico \u2013 Componente Estero Salado, instal\u00f3 45 vallas informativas, alusivas a la prohibici\u00f3n de arrojar basura en el Estero, en puntos estrat\u00e9gicos de las riberas, en donde se presenta mayor acumulaci\u00f3n de desechos s\u00f3lidos. El objetivo fue dar a conocer a la ciudadan\u00eda que al botar desechos al Estero, est\u00e1n cometiendo una infracci\u00f3n susceptible de prisi\u00f3n y multa.<\/p>\n<p style=\"text-align: justify;\">De igual manera, se identificaron varios problemas en la zona de Cisne II, sector conocido como \u201cLa Pista\u201d, relacionados con la mala disposici\u00f3n de los desechos s\u00f3lidos y material de desalojo<\/p>\n<p style=\"text-align: justify;\">Por esta raz\u00f3n, el MAE en coordinaci\u00f3n con contratistas municipales, defini\u00f3 varias estrategias para evitar que m\u00e1s basura se acumule y que el material de desalojo siga contaminando las riberas del sector, entre estas tenemos:<\/p>\n<ul>\n<li>Condenar los accesos vehiculares hacia las riberas del Estero, para impedir que se arroje material de desalojo.<\/li>\n<li>Adecuaci\u00f3n de parterres, camineras y ciclov\u00edas existentes.<\/li>\n<li>Proponer la colocaci\u00f3n de alguna figura arquitect\u00f3nica y de arborizaci\u00f3n.<\/li>\n<li>Solicitar la construcci\u00f3n de una Unidad de Polic\u00eda Comunitaria, para precautelar la seguridad de las personas.<\/li>\n<li>Resguardo policial al contratista municipal, mientras realiza el barrido semanal, en coordinaci\u00f3n con el MAE.<\/li>\n<\/ul>\n<p style=\"text-align: justify;\">Luego de esto, se realiz\u00f3 una limpieza en \u201cLa Pista\u201d (ribera Estero del Muerto), para eliminar la presencia de los desechos s\u00f3lidos y material de desalojo (esta actividad empez\u00f3 el 4 de octubre y concluir\u00e1 en 15 d\u00edas). Asimismo, se ejecutar\u00e1 una vez a la semana (lunes) un barrido en la zona.<\/p>\n<p style=\"text-align: justify;\">Por su parte, el contratista municipal se comprometi\u00f3 a la ejecuci\u00f3n de esta actividad, en coordinaci\u00f3n con los promotores ambientales del MAE, quienes a diario visitan los sectores para identificar los lugares donde se acumula la basura.<\/p>\n<p style=\"text-align: justify;\">Para complementar esta iniciativa, se realizar\u00e1 una campa\u00f1a de socializaci\u00f3n puerta a puerta con las familias que viven en la zona de influencia del Estero, sobre la importancia de colocar los desechos s\u00f3lidos en lugares apropiados, de manera que no se contamine este importante brazo de mar.<\/p>\n<div id='gallery-1' class='gallery galleryid-16023 gallery-columns-4 gallery-size-thumbnail'><dl class='gallery-item'>\n\t\t\t<dt class='gallery-icon portrait'>\n\t\t\t\t<a href='https:\/\/www.ambienteyenergia.gob.ec\/ambiente\/mae-trabaja-por-un-estero-salado-mas-limpio\/antes\/'><img loading=\"lazy\" decoding=\"async\" width=\"150\" height=\"150\" src=\"https:\/\/www.ambienteyenergia.gob.ec\/ambiente\/wp-content\/uploads\/sites\/2\/2013\/10\/antes-150x150.jpg\" class=\"attachment-thumbnail size-thumbnail\" alt=\"\" \/><\/a>\n\t\t\t<\/dt><\/dl><dl class='gallery-item'>\n\t\t\t<dt class='gallery-icon portrait'>\n\t\t\t\t<a href='https:\/\/www.ambienteyenergia.gob.ec\/ambiente\/mae-trabaja-por-un-estero-salado-mas-limpio\/despues-2\/'><img loading=\"lazy\" decoding=\"async\" width=\"150\" height=\"150\" src=\"https:\/\/www.ambienteyenergia.gob.ec\/ambiente\/wp-content\/uploads\/sites\/2\/2013\/10\/despues1-150x150.jpg\" class=\"attachment-thumbnail size-thumbnail\" alt=\"\" \/><\/a>\n\t\t\t<\/dt><\/dl><dl class='gallery-item'>\n\t\t\t<dt class='gallery-icon portrait'>\n\t\t\t\t<a href='https:\/\/www.ambienteyenergia.gob.ec\/ambiente\/mae-trabaja-por-un-estero-salado-mas-limpio\/img_0245\/'><img loading=\"lazy\" decoding=\"async\" width=\"150\" height=\"150\" src=\"https:\/\/www.ambienteyenergia.gob.ec\/ambiente\/wp-content\/uploads\/sites\/2\/2013\/10\/IMG_0245-150x150.jpg\" class=\"attachment-thumbnail size-thumbnail\" alt=\"\" \/><\/a>\n\t\t\t<\/dt><\/dl><dl class='gallery-item'>\n\t\t\t<dt class='gallery-icon landscape'>\n\t\t\t\t<a href='https:\/\/www.ambienteyenergia.gob.ec\/ambiente\/mae-trabaja-por-un-estero-salado-mas-limpio\/dsc01713\/'><img loading=\"lazy\" decoding=\"async\" width=\"150\" height=\"150\" src=\"https:\/\/www.ambienteyenergia.gob.ec\/ambiente\/wp-content\/uploads\/sites\/2\/2013\/10\/DSC01713-150x150.jpg\" class=\"attachment-thumbnail size-thumbnail\" alt=\"\" \/><\/a>\n\t\t\t<\/dt><\/dl><br style=\"clear: both\" \/><dl class='gallery-item'>\n\t\t\t<dt class='gallery-icon landscape'>\n\t\t\t\t<a href='https:\/\/www.ambienteyenergia.gob.ec\/ambiente\/mae-trabaja-por-un-estero-salado-mas-limpio\/dsc01726\/'><img loading=\"lazy\" decoding=\"async\" width=\"150\" height=\"150\" src=\"https:\/\/www.ambienteyenergia.gob.ec\/ambiente\/wp-content\/uploads\/sites\/2\/2013\/10\/DSC01726-150x150.jpg\" class=\"attachment-thumbnail size-thumbnail\" alt=\"\" \/><\/a>\n\t\t\t<\/dt><\/dl><dl class='gallery-item'>\n\t\t\t<dt class='gallery-icon landscape'>\n\t\t\t\t<a href='https:\/\/www.ambienteyenergia.gob.ec\/ambiente\/mae-trabaja-por-un-estero-salado-mas-limpio\/despues\/'><img loading=\"lazy\" decoding=\"async\" width=\"150\" height=\"150\" src=\"https:\/\/www.ambienteyenergia.gob.ec\/ambiente\/wp-content\/uploads\/sites\/2\/2013\/10\/despues-150x150.jpg\" class=\"attachment-thumbnail size-thumbnail\" alt=\"\" \/><\/a>\n\t\t\t<\/dt><\/dl>\n\t\t\t<br style='clear: both' \/>\n\t\t<\/div>\n\n","protected":false},"excerpt":{"rendered":"<p class=\"excerpt\">Como parte de las acciones que se ejecutan para la recuperaci\u00f3n de este brazo de mar, el Ministerio del Ambiente (MAE), a trav\u00e9s del Proyecto Guayaquil Ecol\u00f3gico \u2013 Componente Estero Salado, instal\u00f3 45 vallas informativas, alusivas a la prohibici\u00f3n de arrojar basura en el Estero, en puntos estrat\u00e9gicos de las riberas, en donde se presenta mayor acumulaci\u00f3n de desechos s\u00f3lidos.&hellip; <a href=\"https:\/\/www.ambienteyenergia.gob.ec\/ambiente\/mae-trabaja-por-un-estero-salado-mas-limpio\/\">Read more &rarr;<\/a><\/p>\n","protected":false},"author":13,"featured_media":16024,"comment_status":"open","ping_status":"open","sticky":false,"template":"","format":"standard","meta":{"footnotes":""},"categories":[16,4],"tags":[],"class_list":["post-16023","post","type-post","status-publish","format-standard","has-post-thumbnail","hentry","category-comunicamos","category-noticias","xfolkentry"],"_links":{"self":[{"href":"https:\/\/www.ambienteyenergia.gob.ec\/ambiente\/wp-json\/wp\/v2\/posts\/16023","targetHints":{"allow":["GET"]}}],"collection":[{"href":"https:\/\/www.ambienteyenergia.gob.ec\/ambiente\/wp-json\/wp\/v2\/posts"}],"about":[{"href":"https:\/\/www.ambienteyenergia.gob.ec\/ambiente\/wp-json\/wp\/v2\/types\/post"}],"author":[{"embeddable":true,"href":"https:\/\/www.ambienteyenergia.gob.ec\/ambiente\/wp-json\/wp\/v2\/users\/13"}],"replies":[{"embeddable":true,"href":"https:\/\/www.ambienteyenergia.gob.ec\/ambiente\/wp-json\/wp\/v2\/comments?post=16023"}],"version-history":[{"count":0,"href":"https:\/\/www.ambienteyenergia.gob.ec\/ambiente\/wp-json\/wp\/v2\/posts\/16023\/revisions"}],"wp:featuredmedia":[{"embeddable":true,"href":"https:\/\/www.ambienteyenergia.gob.ec\/ambiente\/wp-json\/wp\/v2\/media\/16024"}],"wp:attachment":[{"href":"https:\/\/www.ambienteyenergia.gob.ec\/ambiente\/wp-json\/wp\/v2\/media?parent=16023"}],"wp:term":[{"taxonomy":"category","embeddable":true,"href":"https:\/\/www.ambienteyenergia.gob.ec\/ambiente\/wp-json\/wp\/v2\/categories?post=16023"},{"taxonomy":"post_tag","embeddable":true,"href":"https:\/\/www.ambienteyenergia.gob.ec\/ambiente\/wp-json\/wp\/v2\/tags?post=16023"}],"curies":[{"name":"wp","href":"https:\/\/api.w.org\/{rel}","templated":true}]}}