{"id":16015,"date":"2013-10-16T08:37:26","date_gmt":"2013-10-16T13:37:26","guid":{"rendered":"http:\/\/www.ambiente.gob.ec\/?p=16015"},"modified":"2013-10-16T09:14:22","modified_gmt":"2013-10-16T14:14:22","slug":"mae-participo-en-la-feria-del-dia-internacional-para-la-reduccion-de-desastres-naturales","status":"publish","type":"post","link":"https:\/\/www.ambienteyenergia.gob.ec\/ambiente\/mae-participo-en-la-feria-del-dia-internacional-para-la-reduccion-de-desastres-naturales\/","title":{"rendered":"MAE particip\u00f3 en la feria del D\u00eda Internacional para la Reducci\u00f3n de Desastres Naturales (Tungurahua)"},"content":{"rendered":"<p style=\"text-align: justify;\">El Ministerio del Ambiente (MAE) particip\u00f3 en la feria organizada por Secretar\u00eda de T\u00e9cnica de Gesti\u00f3n de Riesgos, en conmemoraci\u00f3n al D\u00eda Internacional para la Reducci\u00f3n de Desastres Naturales, que se realiz\u00f3 ayer, en Tungurahua. El objetivo fue socializar informaci\u00f3n para minimizar los riesgos y cat\u00e1strofes naturales.<\/p>\n<p style=\"text-align: justify;\">Personal de t\u00e9cnico, guardaparques del Parque Nacional Llanganates y j\u00f3venes del Servicio Civil Ciudadano difundieron informaci\u00f3n sobre riqueza y la biodiversidad que posee la provincia. Asimismo, explicaron sobre la importancia de conservar las \u00e1reas naturales protegidas que se encuentran en la zona.<\/p>\n<p style=\"text-align: justify;\">En este espacio de aprendizaje y educaci\u00f3n ambiental, los ni\u00f1os, ni\u00f1as, j\u00f3venes y poblaci\u00f3n en general fueron capacitados sobre la problem\u00e1tica de los incendios forestales y qu\u00e9 se debe hacer para prevenirlos.<\/p>\n<p style=\"text-align: justify;\">Al evento tambi\u00e9n asistieron otras instituciones relacionadas con la atenci\u00f3n a emergencias como el ECU 911, la Secretar\u00eda de T\u00e9cnica de Gesti\u00f3n de Riesgos, la Polic\u00eda Nacional y su grupo especializado GOE, el Cuerpo de Bomberos y voluntarios de la Cruz Roja, quienes expusieron en cada uno de sus stands el rol que cumple su instituci\u00f3n frente a los riesgos y desastres naturales.<\/p>\n<p style=\"text-align: justify;\">M\u00fasica, t\u00edteres, sanqueros y caras pintadas fueron algunas de las actividades que se llevaron a cabo durante la feria.<\/p>\n<p style=\"text-align: justify;\">El MAE, como principal Autoridad Ambiental, agradeci\u00f3 este tipo de iniciativas e imparti\u00f3 un mensaje de cuidado y protecci\u00f3n de los recursos naturales, para minimizar los riesgos y las perdidas socioambientales, especialmente en los bosques, que son los que evitan la erosi\u00f3n y deslizamientos de tierras.<\/p>\n<div id='gallery-1' class='gallery galleryid-16015 gallery-columns-4 gallery-size-thumbnail'><dl class='gallery-item'>\n\t\t\t<dt class='gallery-icon landscape'>\n\t\t\t\t<a href='https:\/\/www.ambienteyenergia.gob.ec\/ambiente\/mae-participo-en-la-feria-del-dia-internacional-para-la-reduccion-de-desastres-naturales\/c4-2\/'><img loading=\"lazy\" decoding=\"async\" width=\"150\" height=\"150\" src=\"https:\/\/www.ambienteyenergia.gob.ec\/ambiente\/wp-content\/uploads\/sites\/2\/2013\/10\/c4-150x150.jpg\" class=\"attachment-thumbnail size-thumbnail\" alt=\"\" \/><\/a>\n\t\t\t<\/dt><\/dl><dl class='gallery-item'>\n\t\t\t<dt class='gallery-icon landscape'>\n\t\t\t\t<a href='https:\/\/www.ambienteyenergia.gob.ec\/ambiente\/mae-participo-en-la-feria-del-dia-internacional-para-la-reduccion-de-desastres-naturales\/c6\/'><img loading=\"lazy\" decoding=\"async\" width=\"150\" height=\"150\" src=\"https:\/\/www.ambienteyenergia.gob.ec\/ambiente\/wp-content\/uploads\/sites\/2\/2013\/10\/c6-150x150.jpg\" class=\"attachment-thumbnail size-thumbnail\" alt=\"\" \/><\/a>\n\t\t\t<\/dt><\/dl><dl class='gallery-item'>\n\t\t\t<dt class='gallery-icon landscape'>\n\t\t\t\t<a href='https:\/\/www.ambienteyenergia.gob.ec\/ambiente\/mae-participo-en-la-feria-del-dia-internacional-para-la-reduccion-de-desastres-naturales\/c5-2\/'><img loading=\"lazy\" decoding=\"async\" width=\"150\" height=\"150\" src=\"https:\/\/www.ambienteyenergia.gob.ec\/ambiente\/wp-content\/uploads\/sites\/2\/2013\/10\/c5-150x150.jpg\" class=\"attachment-thumbnail size-thumbnail\" alt=\"\" \/><\/a>\n\t\t\t<\/dt><\/dl><dl class='gallery-item'>\n\t\t\t<dt class='gallery-icon landscape'>\n\t\t\t\t<a href='https:\/\/www.ambienteyenergia.gob.ec\/ambiente\/mae-participo-en-la-feria-del-dia-internacional-para-la-reduccion-de-desastres-naturales\/c3-3\/'><img loading=\"lazy\" decoding=\"async\" width=\"150\" height=\"150\" src=\"https:\/\/www.ambienteyenergia.gob.ec\/ambiente\/wp-content\/uploads\/sites\/2\/2013\/10\/c3-150x150.jpg\" class=\"attachment-thumbnail size-thumbnail\" alt=\"\" \/><\/a>\n\t\t\t<\/dt><\/dl><br style=\"clear: both\" \/><dl class='gallery-item'>\n\t\t\t<dt class='gallery-icon landscape'>\n\t\t\t\t<a href='https:\/\/www.ambienteyenergia.gob.ec\/ambiente\/mae-participo-en-la-feria-del-dia-internacional-para-la-reduccion-de-desastres-naturales\/c2-3\/'><img loading=\"lazy\" decoding=\"async\" width=\"150\" height=\"150\" src=\"https:\/\/www.ambienteyenergia.gob.ec\/ambiente\/wp-content\/uploads\/sites\/2\/2013\/10\/c2-150x150.jpg\" class=\"attachment-thumbnail size-thumbnail\" alt=\"\" \/><\/a>\n\t\t\t<\/dt><\/dl><dl class='gallery-item'>\n\t\t\t<dt class='gallery-icon landscape'>\n\t\t\t\t<a href='https:\/\/www.ambienteyenergia.gob.ec\/ambiente\/mae-participo-en-la-feria-del-dia-internacional-para-la-reduccion-de-desastres-naturales\/c1-3\/'><img loading=\"lazy\" decoding=\"async\" width=\"150\" height=\"150\" src=\"https:\/\/www.ambienteyenergia.gob.ec\/ambiente\/wp-content\/uploads\/sites\/2\/2013\/10\/c1-150x150.jpg\" class=\"attachment-thumbnail size-thumbnail\" alt=\"\" \/><\/a>\n\t\t\t<\/dt><\/dl>\n\t\t\t<br style='clear: both' \/>\n\t\t<\/div>\n\n<p style=\"text-align: justify;\">\n","protected":false},"excerpt":{"rendered":"<p class=\"excerpt\">El Ministerio del Ambiente (MAE) particip\u00f3 en la feria organizada por Secretar\u00eda de T\u00e9cnica de Gesti\u00f3n de Riesgos, en conmemoraci\u00f3n al D\u00eda Internacional para la Reducci\u00f3n de Desastres Naturales, que se realiz\u00f3 ayer, en Tungurahua. El objetivo fue socializar informaci\u00f3n para minimizar los riesgos y cat\u00e1strofes naturales. Personal de t\u00e9cnico, guardaparques del Parque Nacional Llanganates y j\u00f3venes del Servicio Civil&hellip; <a href=\"https:\/\/www.ambienteyenergia.gob.ec\/ambiente\/mae-participo-en-la-feria-del-dia-internacional-para-la-reduccion-de-desastres-naturales\/\">Read more &rarr;<\/a><\/p>\n","protected":false},"author":13,"featured_media":16016,"comment_status":"open","ping_status":"open","sticky":false,"template":"","format":"standard","meta":{"footnotes":""},"categories":[16,4],"tags":[],"class_list":["post-16015","post","type-post","status-publish","format-standard","has-post-thumbnail","hentry","category-comunicamos","category-noticias","xfolkentry"],"_links":{"self":[{"href":"https:\/\/www.ambienteyenergia.gob.ec\/ambiente\/wp-json\/wp\/v2\/posts\/16015","targetHints":{"allow":["GET"]}}],"collection":[{"href":"https:\/\/www.ambienteyenergia.gob.ec\/ambiente\/wp-json\/wp\/v2\/posts"}],"about":[{"href":"https:\/\/www.ambienteyenergia.gob.ec\/ambiente\/wp-json\/wp\/v2\/types\/post"}],"author":[{"embeddable":true,"href":"https:\/\/www.ambienteyenergia.gob.ec\/ambiente\/wp-json\/wp\/v2\/users\/13"}],"replies":[{"embeddable":true,"href":"https:\/\/www.ambienteyenergia.gob.ec\/ambiente\/wp-json\/wp\/v2\/comments?post=16015"}],"version-history":[{"count":0,"href":"https:\/\/www.ambienteyenergia.gob.ec\/ambiente\/wp-json\/wp\/v2\/posts\/16015\/revisions"}],"wp:featuredmedia":[{"embeddable":true,"href":"https:\/\/www.ambienteyenergia.gob.ec\/ambiente\/wp-json\/wp\/v2\/media\/16016"}],"wp:attachment":[{"href":"https:\/\/www.ambienteyenergia.gob.ec\/ambiente\/wp-json\/wp\/v2\/media?parent=16015"}],"wp:term":[{"taxonomy":"category","embeddable":true,"href":"https:\/\/www.ambienteyenergia.gob.ec\/ambiente\/wp-json\/wp\/v2\/categories?post=16015"},{"taxonomy":"post_tag","embeddable":true,"href":"https:\/\/www.ambienteyenergia.gob.ec\/ambiente\/wp-json\/wp\/v2\/tags?post=16015"}],"curies":[{"name":"wp","href":"https:\/\/api.w.org\/{rel}","templated":true}]}}