{"id":16011,"date":"2013-10-16T08:28:41","date_gmt":"2013-10-16T13:28:41","guid":{"rendered":"http:\/\/www.ambiente.gob.ec\/?p=16011"},"modified":"2013-10-16T08:28:41","modified_gmt":"2013-10-16T13:28:41","slug":"guardianes-del-planeta-del-mae-capacito-a-134-ninos-en-chimborazo","status":"publish","type":"post","link":"https:\/\/www.ambienteyenergia.gob.ec\/ambiente\/guardianes-del-planeta-del-mae-capacito-a-134-ninos-en-chimborazo\/","title":{"rendered":"Guardianes del Planeta del MAE capacit\u00f3 a 134 ni\u00f1os en Chimborazo"},"content":{"rendered":"<p style=\"text-align: justify;\">La semana del 7 al 11 de octubre, el Ministerio del Ambiente (MAE), a trav\u00e9s de la Direcci\u00f3n Provincial de Chimborazo, capacit\u00f3 a 134 ni\u00f1os en el cant\u00f3n Chambo, como parte del Proyecto Nacional de Educaci\u00f3n Ambiental \u201cGuardianes del Planeta\u201d, que tiene como objetivo impulsar las buenas pr\u00e1cticas ambientales y la conservaci\u00f3n de los recursos mediante actividades l\u00fadico cognitivas.<\/p>\n<p style=\"text-align: justify;\">La escuela Leopoldo Freire fue el escenario adecuado donde los ni\u00f1os mostraron sus capacidades para adquirir conocimientos en cuanto al cuidado del planeta. Asimismo, compartieron experiencias que promueven la preservaci\u00f3n de la naturaleza y del entorno en el que se desarrollan.<\/p>\n<p style=\"text-align: justify;\">Los temas tratados en los talleres estuvieron enfocados en la conservaci\u00f3n del ambiente a trav\u00e9s de buenas pr\u00e1cticas en la vida cotidiana como el reciclaje, entre otros.<\/p>\n<p style=\"text-align: justify;\">Luis Moreno, rector de la escuela Leopoldo Freire, agradeci\u00f3 el trabajo que viene ejecutando el Ministerio del Ambiente e inst\u00f3 a seguir con estos procesos que buscan fortalecer el aprendizaje de los ni\u00f1os de educaci\u00f3n b\u00e1sica del cant\u00f3n Chambo.<\/p>\n<p style=\"text-align: justify;\">\n","protected":false},"excerpt":{"rendered":"<p class=\"excerpt\">La semana del 7 al 11 de octubre, el Ministerio del Ambiente (MAE), a trav\u00e9s de la Direcci\u00f3n Provincial de Chimborazo, capacit\u00f3 a 134 ni\u00f1os en el cant\u00f3n Chambo, como parte del Proyecto Nacional de Educaci\u00f3n Ambiental \u201cGuardianes del Planeta\u201d, que tiene como objetivo impulsar las buenas pr\u00e1cticas ambientales y la conservaci\u00f3n de los recursos mediante actividades l\u00fadico cognitivas. La&hellip; <a href=\"https:\/\/www.ambienteyenergia.gob.ec\/ambiente\/guardianes-del-planeta-del-mae-capacito-a-134-ninos-en-chimborazo\/\">Read more &rarr;<\/a><\/p>\n","protected":false},"author":13,"featured_media":16012,"comment_status":"open","ping_status":"open","sticky":false,"template":"","format":"standard","meta":{"footnotes":""},"categories":[16,4],"tags":[],"class_list":["post-16011","post","type-post","status-publish","format-standard","has-post-thumbnail","hentry","category-comunicamos","category-noticias","xfolkentry"],"_links":{"self":[{"href":"https:\/\/www.ambienteyenergia.gob.ec\/ambiente\/wp-json\/wp\/v2\/posts\/16011","targetHints":{"allow":["GET"]}}],"collection":[{"href":"https:\/\/www.ambienteyenergia.gob.ec\/ambiente\/wp-json\/wp\/v2\/posts"}],"about":[{"href":"https:\/\/www.ambienteyenergia.gob.ec\/ambiente\/wp-json\/wp\/v2\/types\/post"}],"author":[{"embeddable":true,"href":"https:\/\/www.ambienteyenergia.gob.ec\/ambiente\/wp-json\/wp\/v2\/users\/13"}],"replies":[{"embeddable":true,"href":"https:\/\/www.ambienteyenergia.gob.ec\/ambiente\/wp-json\/wp\/v2\/comments?post=16011"}],"version-history":[{"count":0,"href":"https:\/\/www.ambienteyenergia.gob.ec\/ambiente\/wp-json\/wp\/v2\/posts\/16011\/revisions"}],"wp:featuredmedia":[{"embeddable":true,"href":"https:\/\/www.ambienteyenergia.gob.ec\/ambiente\/wp-json\/wp\/v2\/media\/16012"}],"wp:attachment":[{"href":"https:\/\/www.ambienteyenergia.gob.ec\/ambiente\/wp-json\/wp\/v2\/media?parent=16011"}],"wp:term":[{"taxonomy":"category","embeddable":true,"href":"https:\/\/www.ambienteyenergia.gob.ec\/ambiente\/wp-json\/wp\/v2\/categories?post=16011"},{"taxonomy":"post_tag","embeddable":true,"href":"https:\/\/www.ambienteyenergia.gob.ec\/ambiente\/wp-json\/wp\/v2\/tags?post=16011"}],"curies":[{"name":"wp","href":"https:\/\/api.w.org\/{rel}","templated":true}]}}