{"id":16008,"date":"2013-10-16T08:25:10","date_gmt":"2013-10-16T13:25:10","guid":{"rendered":"http:\/\/www.ambiente.gob.ec\/?p=16008"},"modified":"2013-11-13T15:45:19","modified_gmt":"2013-11-13T20:45:19","slug":"primera-fase-de-ecotalleres-culmina-exitosamente-en-zamora-chinchipe","status":"publish","type":"post","link":"https:\/\/www.ambienteyenergia.gob.ec\/ambiente\/primera-fase-de-ecotalleres-culmina-exitosamente-en-zamora-chinchipe\/","title":{"rendered":"Primera fase de Ecotalleres culmina exitosamente en Zamora Chinchipe"},"content":{"rendered":"<p style=\"text-align: justify;\">El Ministerio del Ambiente (MAE) realiz\u00f3 la clausura de la primera fase del proyecto Ecotalleres, el pasado 13 de octubre, en la provincia de Zamora Chinchipe. En el evento se incorporaron 15 promotores ambientales comunitarios pertenecientes a las parroquias de Cumbaratza, La Paz y Tutupali. Los graduados recibieron un diploma de aprobaci\u00f3n, avalado por la Escuela Polit\u00e9cnica del Ej\u00e9rcito (ESPE).<\/p>\n<p style=\"text-align: justify;\">Los ecotalleristas tuvieron 60 horas de capacitaci\u00f3n te\u00f3rica y 20 horas de pr\u00e1ctica, en temas como biodiversidad, gesti\u00f3n y educaci\u00f3n ambiental comunitaria y conflictos ambientales.<\/p>\n<p style=\"text-align: justify;\">Dicho evento cont\u00f3 con la asistencia de autoridades locales como el Director Provincial de Ambiente de Zamora Chinchipe; Presidentes de Juntas Parroquiales Cumbaratza, La Paz y Tutupali; promotores ambientales; y representantes del Consejo Nacional de Gobiernos Parroquiales Rurales del Ecuador y de la Escuela Polit\u00e9cnica del Ej\u00e9rcito.<\/p>\n<p style=\"text-align: justify;\">El MAE ejecuta este proyecto a nivel nacional, con el objetivo de capacitar en temas ambientales y formar promotores ambientales comunitarios encargados de aplicar los conocimientos adquiridos en sus respectivas comunidades.<\/p>\n<p style=\"text-align: justify;\">Adem\u00e1s, este tipo de iniciativas representan un acercamiento del MAE con las comunidades con el fin promover un trabajo conjunto de prevenci\u00f3n, remediaci\u00f3n y mitigaci\u00f3n de los da\u00f1os ambientales locales.<\/p>\n<p style=\"text-align: justify;\">\n","protected":false},"excerpt":{"rendered":"<p class=\"excerpt\">El Ministerio del Ambiente (MAE) realiz\u00f3 la clausura de la primera fase del proyecto Ecotalleres, el pasado 13 de octubre, en la provincia de Zamora Chinchipe. En el evento se incorporaron 15 promotores ambientales comunitarios pertenecientes a las parroquias de Cumbaratza, La Paz y Tutupali. Los graduados recibieron un diploma de aprobaci\u00f3n, avalado por la Escuela Polit\u00e9cnica del Ej\u00e9rcito (ESPE).&hellip; <a href=\"https:\/\/www.ambienteyenergia.gob.ec\/ambiente\/primera-fase-de-ecotalleres-culmina-exitosamente-en-zamora-chinchipe\/\">Read more &rarr;<\/a><\/p>\n","protected":false},"author":13,"featured_media":16009,"comment_status":"open","ping_status":"open","sticky":false,"template":"","format":"standard","meta":{"footnotes":""},"categories":[16,4],"tags":[],"class_list":["post-16008","post","type-post","status-publish","format-standard","has-post-thumbnail","hentry","category-comunicamos","category-noticias","xfolkentry"],"_links":{"self":[{"href":"https:\/\/www.ambienteyenergia.gob.ec\/ambiente\/wp-json\/wp\/v2\/posts\/16008","targetHints":{"allow":["GET"]}}],"collection":[{"href":"https:\/\/www.ambienteyenergia.gob.ec\/ambiente\/wp-json\/wp\/v2\/posts"}],"about":[{"href":"https:\/\/www.ambienteyenergia.gob.ec\/ambiente\/wp-json\/wp\/v2\/types\/post"}],"author":[{"embeddable":true,"href":"https:\/\/www.ambienteyenergia.gob.ec\/ambiente\/wp-json\/wp\/v2\/users\/13"}],"replies":[{"embeddable":true,"href":"https:\/\/www.ambienteyenergia.gob.ec\/ambiente\/wp-json\/wp\/v2\/comments?post=16008"}],"version-history":[{"count":0,"href":"https:\/\/www.ambienteyenergia.gob.ec\/ambiente\/wp-json\/wp\/v2\/posts\/16008\/revisions"}],"wp:featuredmedia":[{"embeddable":true,"href":"https:\/\/www.ambienteyenergia.gob.ec\/ambiente\/wp-json\/wp\/v2\/media\/16009"}],"wp:attachment":[{"href":"https:\/\/www.ambienteyenergia.gob.ec\/ambiente\/wp-json\/wp\/v2\/media?parent=16008"}],"wp:term":[{"taxonomy":"category","embeddable":true,"href":"https:\/\/www.ambienteyenergia.gob.ec\/ambiente\/wp-json\/wp\/v2\/categories?post=16008"},{"taxonomy":"post_tag","embeddable":true,"href":"https:\/\/www.ambienteyenergia.gob.ec\/ambiente\/wp-json\/wp\/v2\/tags?post=16008"}],"curies":[{"name":"wp","href":"https:\/\/api.w.org\/{rel}","templated":true}]}}