{"id":15998,"date":"2013-10-15T13:37:11","date_gmt":"2013-10-15T18:37:11","guid":{"rendered":"http:\/\/www.ambiente.gob.ec\/?p=15998"},"modified":"2013-10-15T13:37:11","modified_gmt":"2013-10-15T18:37:11","slug":"ministra-tapia-cumple-agenda-en-guayaquil-junto-al-presidente-correa","status":"publish","type":"post","link":"https:\/\/www.ambienteyenergia.gob.ec\/ambiente\/ministra-tapia-cumple-agenda-en-guayaquil-junto-al-presidente-correa\/","title":{"rendered":"Ministra Tapia cumple agenda en Guayaquil junto al Presidente Correa"},"content":{"rendered":"<p style=\"text-align: justify;\">Hoy, desde las 10:00, la Ministra de Ambiente, Lorena Tapia, junto al Presidente Rafael Correa y dem\u00e1s autoridades de gobierno recorrieron la Isla Santay para conocer los avances de las obras que ah\u00ed se ejecutan.<\/p>\n<p style=\"text-align: justify;\">Durante el recorrido de trabajo las autoridades intercambiaron criterios de las construcciones de los puentes que unir\u00e1n Guayaquil con Isla Santay y Dur\u00e1n con Santay, las camineras internas y ciclov\u00edas, que permitir\u00e1n el acceso y disfrute a esta importante \u00e1rea protegida de Guayaquil.<\/p>\n<p style=\"text-align: justify;\">Los trabajos ejecutados por el Instituto de Contrataci\u00f3n de Obras (ICO), empleado por la Empresa P\u00fablica de Parques y supervisado por el Ministerio del Ambiente (MAE) para la protecci\u00f3n de este importante humedal, pulm\u00f3n de la Urbe Porte\u00f1a y que deber\u00e1n ser entregados hasta febrero del 2014.<\/p>\n<p style=\"text-align: justify;\">Tras el recorrido, las autoridades asistentes como Ministra de Defensa, Mar\u00eda Fernanda Espinoza; de Desarrollo Urbano y Vivienda, Pedro Jaramillo; de Turismo, Vinicio Alvarado; Gobernadora de Guayas, Viviana Bonilla; Ministra Coordinadora de Desarrollo Social, Cecilia Vaca; entre otros, se reunieron en la Casa Comunal de la Ecoaldea, para presentar ante el Primer Mandatario los avances del Proyecto Guayaquil Ecol\u00f3gico y otros.<\/p>\n<p style=\"text-align: justify;\">\n","protected":false},"excerpt":{"rendered":"<p class=\"excerpt\">Hoy, desde las 10:00, la Ministra de Ambiente, Lorena Tapia, junto al Presidente Rafael Correa y dem\u00e1s autoridades de gobierno recorrieron la Isla Santay para conocer los avances de las obras que ah\u00ed se ejecutan. Durante el recorrido de trabajo las autoridades intercambiaron criterios de las construcciones de los puentes que unir\u00e1n Guayaquil con Isla Santay y Dur\u00e1n con Santay,&hellip; <a href=\"https:\/\/www.ambienteyenergia.gob.ec\/ambiente\/ministra-tapia-cumple-agenda-en-guayaquil-junto-al-presidente-correa\/\">Read more &rarr;<\/a><\/p>\n","protected":false},"author":13,"featured_media":15999,"comment_status":"open","ping_status":"open","sticky":false,"template":"","format":"standard","meta":{"footnotes":""},"categories":[16,4,10],"tags":[],"class_list":["post-15998","post","type-post","status-publish","format-standard","has-post-thumbnail","hentry","category-comunicamos","category-noticias","category-noticias-destacadas","xfolkentry"],"_links":{"self":[{"href":"https:\/\/www.ambienteyenergia.gob.ec\/ambiente\/wp-json\/wp\/v2\/posts\/15998","targetHints":{"allow":["GET"]}}],"collection":[{"href":"https:\/\/www.ambienteyenergia.gob.ec\/ambiente\/wp-json\/wp\/v2\/posts"}],"about":[{"href":"https:\/\/www.ambienteyenergia.gob.ec\/ambiente\/wp-json\/wp\/v2\/types\/post"}],"author":[{"embeddable":true,"href":"https:\/\/www.ambienteyenergia.gob.ec\/ambiente\/wp-json\/wp\/v2\/users\/13"}],"replies":[{"embeddable":true,"href":"https:\/\/www.ambienteyenergia.gob.ec\/ambiente\/wp-json\/wp\/v2\/comments?post=15998"}],"version-history":[{"count":0,"href":"https:\/\/www.ambienteyenergia.gob.ec\/ambiente\/wp-json\/wp\/v2\/posts\/15998\/revisions"}],"wp:featuredmedia":[{"embeddable":true,"href":"https:\/\/www.ambienteyenergia.gob.ec\/ambiente\/wp-json\/wp\/v2\/media\/15999"}],"wp:attachment":[{"href":"https:\/\/www.ambienteyenergia.gob.ec\/ambiente\/wp-json\/wp\/v2\/media?parent=15998"}],"wp:term":[{"taxonomy":"category","embeddable":true,"href":"https:\/\/www.ambienteyenergia.gob.ec\/ambiente\/wp-json\/wp\/v2\/categories?post=15998"},{"taxonomy":"post_tag","embeddable":true,"href":"https:\/\/www.ambienteyenergia.gob.ec\/ambiente\/wp-json\/wp\/v2\/tags?post=15998"}],"curies":[{"name":"wp","href":"https:\/\/api.w.org\/{rel}","templated":true}]}}