{"id":15981,"date":"2013-10-14T09:29:12","date_gmt":"2013-10-14T14:29:12","guid":{"rendered":"http:\/\/www.ambiente.gob.ec\/?p=15981"},"modified":"2013-10-14T09:29:12","modified_gmt":"2013-10-14T14:29:12","slug":"mae-capacito-a-110-ninos-en-buenas-practicas-ambientales-en-imbabura","status":"publish","type":"post","link":"https:\/\/www.ambienteyenergia.gob.ec\/ambiente\/mae-capacito-a-110-ninos-en-buenas-practicas-ambientales-en-imbabura\/","title":{"rendered":"MAE capacit\u00f3 a 110 ni\u00f1os en buenas pr\u00e1cticas ambientales en Imbabura"},"content":{"rendered":"<p style=\"text-align: justify;\">El Ministerio del Ambiente (MAE), a trav\u00e9s del proyecto de Educaci\u00f3n Ambiental Guardianes del Planeta, capacit\u00f3 a 110 ni\u00f1os y ni\u00f1as de la\u00a0 Escuela <em>Rafael Su\u00e1rez<\/em> de la ciudad de Ibarra, provincia de Imbabura. Los temas que se trataron en el taller estuvieron enfocados en biodiversidad y buenas pr\u00e1cyicas ambientales, el pasado 9 de octubre.<\/p>\n<p style=\"text-align: justify;\">Los alumnos compartieron conocimientos sobre el ambiente y las \u00a0estrategias que van a aplicar de hoy en adelante para proteger al ecosistema con la finalidad de lograr un cambio de actitud frente al cuidado del planeta, a trav\u00e9s de la participaci\u00f3n directa de docentes, estudiantes y comunidad en general.<\/p>\n<p style=\"text-align: justify;\">La actividad planificada fue fruct\u00edfera y tuvo buena acogida por los ni\u00f1os y ni\u00f1as de la instituci\u00f3n educativa, quienes se comprometieron a cuidar la naturaleza, mediante acciones peque\u00f1as pero con gran significado para el planeta.<\/p>\n<p style=\"text-align: justify;\">\n","protected":false},"excerpt":{"rendered":"<p class=\"excerpt\">El Ministerio del Ambiente (MAE), a trav\u00e9s del proyecto de Educaci\u00f3n Ambiental Guardianes del Planeta, capacit\u00f3 a 110 ni\u00f1os y ni\u00f1as de la\u00a0 Escuela Rafael Su\u00e1rez de la ciudad de Ibarra, provincia de Imbabura. Los temas que se trataron en el taller estuvieron enfocados en biodiversidad y buenas pr\u00e1cyicas ambientales, el pasado 9 de octubre. Los alumnos compartieron conocimientos sobre&hellip; <a href=\"https:\/\/www.ambienteyenergia.gob.ec\/ambiente\/mae-capacito-a-110-ninos-en-buenas-practicas-ambientales-en-imbabura\/\">Read more &rarr;<\/a><\/p>\n","protected":false},"author":13,"featured_media":15982,"comment_status":"open","ping_status":"open","sticky":false,"template":"","format":"standard","meta":{"footnotes":""},"categories":[16,4],"tags":[],"class_list":["post-15981","post","type-post","status-publish","format-standard","has-post-thumbnail","hentry","category-comunicamos","category-noticias","xfolkentry"],"_links":{"self":[{"href":"https:\/\/www.ambienteyenergia.gob.ec\/ambiente\/wp-json\/wp\/v2\/posts\/15981","targetHints":{"allow":["GET"]}}],"collection":[{"href":"https:\/\/www.ambienteyenergia.gob.ec\/ambiente\/wp-json\/wp\/v2\/posts"}],"about":[{"href":"https:\/\/www.ambienteyenergia.gob.ec\/ambiente\/wp-json\/wp\/v2\/types\/post"}],"author":[{"embeddable":true,"href":"https:\/\/www.ambienteyenergia.gob.ec\/ambiente\/wp-json\/wp\/v2\/users\/13"}],"replies":[{"embeddable":true,"href":"https:\/\/www.ambienteyenergia.gob.ec\/ambiente\/wp-json\/wp\/v2\/comments?post=15981"}],"version-history":[{"count":0,"href":"https:\/\/www.ambienteyenergia.gob.ec\/ambiente\/wp-json\/wp\/v2\/posts\/15981\/revisions"}],"wp:featuredmedia":[{"embeddable":true,"href":"https:\/\/www.ambienteyenergia.gob.ec\/ambiente\/wp-json\/wp\/v2\/media\/15982"}],"wp:attachment":[{"href":"https:\/\/www.ambienteyenergia.gob.ec\/ambiente\/wp-json\/wp\/v2\/media?parent=15981"}],"wp:term":[{"taxonomy":"category","embeddable":true,"href":"https:\/\/www.ambienteyenergia.gob.ec\/ambiente\/wp-json\/wp\/v2\/categories?post=15981"},{"taxonomy":"post_tag","embeddable":true,"href":"https:\/\/www.ambienteyenergia.gob.ec\/ambiente\/wp-json\/wp\/v2\/tags?post=15981"}],"curies":[{"name":"wp","href":"https:\/\/api.w.org\/{rel}","templated":true}]}}