{"id":15978,"date":"2013-10-14T09:26:19","date_gmt":"2013-10-14T14:26:19","guid":{"rendered":"http:\/\/www.ambiente.gob.ec\/?p=15978"},"modified":"2013-10-14T09:26:19","modified_gmt":"2013-10-14T14:26:19","slug":"deportistas-reforestaron-area-protegida-del-parque-nacional-galapagos","status":"publish","type":"post","link":"https:\/\/www.ambienteyenergia.gob.ec\/ambiente\/deportistas-reforestaron-area-protegida-del-parque-nacional-galapagos\/","title":{"rendered":"Deportistas reforestaron \u00e1rea protegida del Parque Nacional Gal\u00e1pagos"},"content":{"rendered":"<p style=\"text-align: justify;\"><strong>Por cuarto a\u00f1o consecutivo el Ministerio del Ambiente, a trav\u00e9s de la DPNG y los organizadores del Gal\u00e1pagos Challenge unieron el deporte y las actividades de conservaci\u00f3n en la isla Santa Cruz.\u00a0 \u00a0\u00a0\u00a0\u00a0\u00a0\u00a0\u00a0\u00a0 \u00a0<\/strong><\/p>\n<p style=\"text-align: justify;\">Un grupo de deportistas y organizadores del evento deportivo Gal\u00e1pagos Challenge se unieron a las labores de conservaci\u00f3n que ejecuta la Direcci\u00f3n del Parque Nacional Gal\u00e1pagos (DPNG), en la isla Santa Cruz, para reforestar los ecosistemas afectados por especies invasoras, el pasado 10 de octubre.<\/p>\n<p style=\"text-align: justify;\">Arturo Izurieta Valery, Director de la DPNG,\u00a0 acompa\u00f1\u00f3 y ayud\u00f3 a los deportistas a sembrar varias pl\u00e1ntulas de escalesia pedunculata, especie end\u00e9mica de Gal\u00e1pagos, en una zona adecuada previamente para esta actividad.<\/p>\n<p style=\"text-align: justify;\">Izurieta destac\u00f3 que este es un ejemplo de actividades que unen el deporte con la ecolog\u00eda, pues como parte del MAE se incentiva a que la gente se integre a la conservaci\u00f3n ambiental, por eso se apoya estas iniciativas de\u00a0 la sociedad civil.<\/p>\n<p style=\"text-align: justify;\">La triatl\u00f3n de Gal\u00e1pagos es uno de los eventos deportivos m\u00e1s importantes a nivel local, que re\u00fane atletas, nacionales, que tiene como objetivo promover un estilo de vida saludable y sostenible, que en esta ocasi\u00f3n por cuarto a\u00f1o consecutivo reuni\u00f3n a los atletas en el vivero de la DPNG para la jornada de reforestaci\u00f3n.<\/p>\n<p style=\"text-align: justify;\">Esta triatl\u00f3n permite a los participantes recorrer Gal\u00e1pagos mientras practican deporte en diferentes etapas, primero nadando en el canal de Itabaca, luego pedaleando en bicicleta hasta el sector de Los Gemelos y finalmente corriendo hasta Puerto Ayora, mientras van cambiando los paisajes de \u00e1ridos a una abundante vegetaci\u00f3n y la zona poblada.<\/p>\n<p style=\"text-align: justify;\">\n","protected":false},"excerpt":{"rendered":"<p class=\"excerpt\">Por cuarto a\u00f1o consecutivo el Ministerio del Ambiente, a trav\u00e9s de la DPNG y los organizadores del Gal\u00e1pagos Challenge unieron el deporte y las actividades de conservaci\u00f3n en la isla Santa Cruz.\u00a0 \u00a0\u00a0\u00a0\u00a0\u00a0\u00a0\u00a0\u00a0 \u00a0 Un grupo de deportistas y organizadores del evento deportivo Gal\u00e1pagos Challenge se unieron a las labores de conservaci\u00f3n que ejecuta la Direcci\u00f3n del Parque Nacional Gal\u00e1pagos&hellip; <a href=\"https:\/\/www.ambienteyenergia.gob.ec\/ambiente\/deportistas-reforestaron-area-protegida-del-parque-nacional-galapagos\/\">Read more &rarr;<\/a><\/p>\n","protected":false},"author":13,"featured_media":15979,"comment_status":"open","ping_status":"open","sticky":false,"template":"","format":"standard","meta":{"footnotes":""},"categories":[16,4],"tags":[],"class_list":["post-15978","post","type-post","status-publish","format-standard","has-post-thumbnail","hentry","category-comunicamos","category-noticias","xfolkentry"],"_links":{"self":[{"href":"https:\/\/www.ambienteyenergia.gob.ec\/ambiente\/wp-json\/wp\/v2\/posts\/15978","targetHints":{"allow":["GET"]}}],"collection":[{"href":"https:\/\/www.ambienteyenergia.gob.ec\/ambiente\/wp-json\/wp\/v2\/posts"}],"about":[{"href":"https:\/\/www.ambienteyenergia.gob.ec\/ambiente\/wp-json\/wp\/v2\/types\/post"}],"author":[{"embeddable":true,"href":"https:\/\/www.ambienteyenergia.gob.ec\/ambiente\/wp-json\/wp\/v2\/users\/13"}],"replies":[{"embeddable":true,"href":"https:\/\/www.ambienteyenergia.gob.ec\/ambiente\/wp-json\/wp\/v2\/comments?post=15978"}],"version-history":[{"count":0,"href":"https:\/\/www.ambienteyenergia.gob.ec\/ambiente\/wp-json\/wp\/v2\/posts\/15978\/revisions"}],"wp:featuredmedia":[{"embeddable":true,"href":"https:\/\/www.ambienteyenergia.gob.ec\/ambiente\/wp-json\/wp\/v2\/media\/15979"}],"wp:attachment":[{"href":"https:\/\/www.ambienteyenergia.gob.ec\/ambiente\/wp-json\/wp\/v2\/media?parent=15978"}],"wp:term":[{"taxonomy":"category","embeddable":true,"href":"https:\/\/www.ambienteyenergia.gob.ec\/ambiente\/wp-json\/wp\/v2\/categories?post=15978"},{"taxonomy":"post_tag","embeddable":true,"href":"https:\/\/www.ambienteyenergia.gob.ec\/ambiente\/wp-json\/wp\/v2\/tags?post=15978"}],"curies":[{"name":"wp","href":"https:\/\/api.w.org\/{rel}","templated":true}]}}