{"id":15966,"date":"2013-10-10T21:18:35","date_gmt":"2013-10-11T02:18:35","guid":{"rendered":"http:\/\/www.ambiente.gob.ec\/?p=15966"},"modified":"2013-10-10T21:21:32","modified_gmt":"2013-10-11T02:21:32","slug":"ministra-lorena-tapia-impulsa-celebracion-del-dia-de-la-nina","status":"publish","type":"post","link":"https:\/\/www.ambienteyenergia.gob.ec\/ambiente\/ministra-lorena-tapia-impulsa-celebracion-del-dia-de-la-nina\/","title":{"rendered":"Ministra Lorena Tapia impulsa celebraci\u00f3n del D\u00eda de la Ni\u00f1a"},"content":{"rendered":"<p style=\"text-align: justify;\">La Ministra del Ambiente Lorena Tapia Nu\u00f1ez, invit\u00f3 a una delegaci\u00f3n de alumnas de la instituci\u00f3n Quintillano Sanchez de la ciudad de Quito, para celebrar el D\u00eda de la Ni\u00f1a donde expresaron su agradecimiento por haberlas tomado en cuenta. Reconocieron la compleja e incansable gesti\u00f3n de esta cartera estado para concienciar a la juventud sobre la importancia de cuidar el medio ambiente. En el 2011, la Asamblea General de las Naciones Unidas declar\u00f3 al 11 de octubre como el D\u00eda Internacional de la Ni\u00f1a, con el objetivo de reconocer los derechos y la necesidad de promover su empoderamiento y el cumplimiento de sus derechos.<\/p>\n<p style=\"text-align: justify;\">\u201cTodas ustedes son potenciales ministras del ambiente y hoy quiero incorporarlas en esta red, la red de las ni\u00f1as para la sostenibilidad porque ustedes representan la esperanza para cada uno de nosotros y las comprometo a seguir trabajando por el bien de nuestro pa\u00eds, como guardianas del planeta\u201d recalc\u00f3 la Ministra.<\/p>\n<p style=\"text-align: justify;\">Kelly Rosero, alumna de la instituci\u00f3n educativa Quintillano Sanchez reconoci\u00f3 la importancia de este reconocimiento. \u201cEs importante para nosotras ser tomadas en cuenta en la sociedad y que se reconozca el valor que tenemos en ella, as\u00ed podemos brindar nuestro mayor esfuerzo para poder enriquecerla m\u00e1s, porque sabemos que lo que hacemos ahora se devolver\u00e1 a las futuras generaciones. En nuestra escuela practicamos diariamente las 3R\u00b4s (reciclar, reusar, reducir) ayudando al cuidado del ambiente\u201d.<\/p>\n<p style=\"text-align: justify;\">El MAE, pr\u00f3ximamente, presentar\u00e1 la Red de Mujeres Lideres por la Sostenibilidad del Ecuador motivados en la realidad de que actualmente, las mujeres est\u00e1n cada vez m\u00e1s involucradas en los aspectos ambientales, econ\u00f3micos y pol\u00edticos de la sociedad. Su participaci\u00f3n como l\u00edderes ha incrementado d\u00eda a d\u00eda en todos los aspectos siendo la llave del cambio, construyen, educan, organizan, contribuyen y promueven la construcci\u00f3n de una sociedad sensible al ambiente.<\/p>\n<p style=\"text-align: justify;\">El Ministerio del Ambiente fortalece la gesti\u00f3n de la educaci\u00f3n ambiental incluyente, a trav\u00e9s de la equidad de g\u00e9nero por \u00a0medio de la Red de Guardianes del Planeta podemos identificar acciones espec\u00edficas para las ni\u00f1as.<\/p>\n<p style=\"text-align: justify;\"><a href=\"http:\/\/www.ambienteyenergia.gob.ec\/ambiente\/wp-content\/uploads\/2013\/10\/DSC7797.gif\"><img loading=\"lazy\" decoding=\"async\" class=\"aligncenter size-full wp-image-15971\" title=\"Ministra Lorena Tapia impulsa celebraci\u00f3n del D\u00eda de la Ni\u00f1a\" src=\"http:\/\/www.ambienteyenergia.gob.ec\/ambiente\/wp-content\/uploads\/2013\/10\/DSC7797.gif\" alt=\"\" width=\"500\" height=\"753\" srcset=\"https:\/\/www.ambienteyenergia.gob.ec\/ambiente\/wp-content\/uploads\/sites\/2\/2013\/10\/DSC7797.gif 500w, https:\/\/www.ambienteyenergia.gob.ec\/ambiente\/wp-content\/uploads\/sites\/2\/2013\/10\/DSC7797-199x300.gif 199w\" sizes=\"auto, (max-width: 500px) 100vw, 500px\" \/><\/a><\/p>\n","protected":false},"excerpt":{"rendered":"<p class=\"excerpt\">La Ministra del Ambiente Lorena Tapia Nu\u00f1ez, invit\u00f3 a una delegaci\u00f3n de alumnas de la instituci\u00f3n Quintillano Sanchez de la ciudad de Quito, para celebrar el D\u00eda de la Ni\u00f1a donde expresaron su agradecimiento por haberlas tomado en cuenta. Reconocieron la compleja e incansable gesti\u00f3n de esta cartera estado para concienciar a la juventud sobre la importancia de cuidar el&hellip; <a href=\"https:\/\/www.ambienteyenergia.gob.ec\/ambiente\/ministra-lorena-tapia-impulsa-celebracion-del-dia-de-la-nina\/\">Read more &rarr;<\/a><\/p>\n","protected":false},"author":13,"featured_media":15969,"comment_status":"open","ping_status":"open","sticky":false,"template":"","format":"standard","meta":{"footnotes":""},"categories":[16,4],"tags":[],"class_list":["post-15966","post","type-post","status-publish","format-standard","has-post-thumbnail","hentry","category-comunicamos","category-noticias","xfolkentry"],"_links":{"self":[{"href":"https:\/\/www.ambienteyenergia.gob.ec\/ambiente\/wp-json\/wp\/v2\/posts\/15966","targetHints":{"allow":["GET"]}}],"collection":[{"href":"https:\/\/www.ambienteyenergia.gob.ec\/ambiente\/wp-json\/wp\/v2\/posts"}],"about":[{"href":"https:\/\/www.ambienteyenergia.gob.ec\/ambiente\/wp-json\/wp\/v2\/types\/post"}],"author":[{"embeddable":true,"href":"https:\/\/www.ambienteyenergia.gob.ec\/ambiente\/wp-json\/wp\/v2\/users\/13"}],"replies":[{"embeddable":true,"href":"https:\/\/www.ambienteyenergia.gob.ec\/ambiente\/wp-json\/wp\/v2\/comments?post=15966"}],"version-history":[{"count":0,"href":"https:\/\/www.ambienteyenergia.gob.ec\/ambiente\/wp-json\/wp\/v2\/posts\/15966\/revisions"}],"wp:featuredmedia":[{"embeddable":true,"href":"https:\/\/www.ambienteyenergia.gob.ec\/ambiente\/wp-json\/wp\/v2\/media\/15969"}],"wp:attachment":[{"href":"https:\/\/www.ambienteyenergia.gob.ec\/ambiente\/wp-json\/wp\/v2\/media?parent=15966"}],"wp:term":[{"taxonomy":"category","embeddable":true,"href":"https:\/\/www.ambienteyenergia.gob.ec\/ambiente\/wp-json\/wp\/v2\/categories?post=15966"},{"taxonomy":"post_tag","embeddable":true,"href":"https:\/\/www.ambienteyenergia.gob.ec\/ambiente\/wp-json\/wp\/v2\/tags?post=15966"}],"curies":[{"name":"wp","href":"https:\/\/api.w.org\/{rel}","templated":true}]}}