{"id":15963,"date":"2013-10-10T21:10:39","date_gmt":"2013-10-11T02:10:39","guid":{"rendered":"http:\/\/www.ambiente.gob.ec\/?p=15963"},"modified":"2013-10-10T21:10:39","modified_gmt":"2013-10-11T02:10:39","slug":"uno-de-los-avances-del-ecuador-es-la-prohibicion-definitiva-del-uso-de-mercurio-en-actividades-mineras","status":"publish","type":"post","link":"https:\/\/www.ambienteyenergia.gob.ec\/ambiente\/uno-de-los-avances-del-ecuador-es-la-prohibicion-definitiva-del-uso-de-mercurio-en-actividades-mineras\/","title":{"rendered":"\u00abUno de los avances del Ecuador es la prohibici\u00f3n definitiva  del uso de mercurio en actividades mineras\u00bb"},"content":{"rendered":"<p style=\"text-align: justify;\">\u00abEcuador asiste a este encuentro mundial para reafirmar su real compromiso pol\u00edtico, con la certeza de que el convenio de Minamata, al contribuir con reglas sobre el manejo adecuado del mercurio, est\u00e1 llamado a jugar un papel importante a favor del ambiente y de la salud y bienestar del ser humano en su interrelaci\u00f3n con su entorno\u00bb, Resalt\u00f3 la Ministra del Ambiente, Lorena Tapia, hoy, en la Conferencia de Plenipotenciarios sobre el Convenio de Minamata sobre Mercurio, en Jap\u00f3n.<\/p>\n<p style=\"text-align: justify;\">En ese sentido, explic\u00f3 que esa cita internacional es fundamental para decirle al mundo que\u00a0 Ecuador tiene la firme vocaci\u00f3n de conservaci\u00f3n y protecci\u00f3n ambiental. Explic\u00f3 que uno de los claros ejemplos es la elaboraci\u00f3n de propuestas innovadoras para defender el ambiente.\u00a0 Entre ellas, la consolidaci\u00f3n de \u00abla legislaci\u00f3n m\u00e1s verde, aprobada en 2008, una nueva Constituci\u00f3n que es la \u00fanica en el mundo porque reconoce derechos de la naturaleza\u00bb.<\/p>\n<p style=\"text-align: justify;\">Asimismo, recalc\u00f3 que es importante que todas las naciones conozcan que luego de complejas negociaciones, por primera vez, en un instrumento del car\u00e1cter est\u00e1 complementado con referencias espec\u00edficas a la salud. \u00a0\u00abEstas buenas noticias, definitivamente,\u00a0 nos deben brindar esperanzas sobre la posibilidad de alcanzar consenso en los debates ambientales multilaterales en beneficio del ser humano\u00bb.<\/p>\n<p style=\"text-align: justify;\">La Ministra Tapia indic\u00f3 que Ecuador est\u00e1 marchando en mismo camino. \u00abCon absoluto compromiso, nuestro pa\u00eds registra importantes avances en esta materia.\u00a0 Entre los logros cabe destacar\u00a0 la prohibici\u00f3n definitiva\u00a0 del uso de mercurio en actividades mineras, estipulado v\u00eda ley org\u00e1nica, la implementaci\u00f3n del plan cero mercurio firmado en enero de este a\u00f1o, lo cual refleja una pol\u00edtica nacional consecuente con la tendencia mundial de esta industria, pues este elemento usado en miner\u00eda informal y artesanal en muchos casos, genera grandes y duraderos da\u00f1os al ambiente y a las comunidades que son muy dif\u00edciles y costosos de remediar\u00bb.<\/p>\n<p style=\"text-align: justify;\">Adem\u00e1s, inform\u00f3 que el Ministerio de Salud (MSP) actualmente desarrolla un \u201cmodelo de gesti\u00f3n para la reducci\u00f3n, sustituci\u00f3n y eliminaci\u00f3n de equipos, dispositivos y materiales que contienen mercurio en los establecimientos de salud p\u00fablicos y privados del Ecuador\u201d y la definici\u00f3n de un plan de acci\u00f3n para su implementaci\u00f3n.\u00a0 \u00abEstas son acciones concretas que develan el compromiso de mi pa\u00eds para el cuidado\u00a0 y la protecci\u00f3n del ser humano y su entorno, como una prioridad del Gobierno Nacional\u00bb<\/p>\n<p style=\"text-align: justify;\">Para finalizar, la Titular de la Cartera de Ambiente extendi\u00f3 su felicitaci\u00f3n a todos los participantes de las negociaciones, as\u00ed como a su Presidente, el se\u00f1or Fernando Lugris, y a la Secretar\u00eda del PNUMA. Expres\u00f3 tambi\u00e9n su agradecimiento al pueblo de Jap\u00f3n y a su Gobierno por haber hospedado a este memorable encuentro.<\/p>\n","protected":false},"excerpt":{"rendered":"<p class=\"excerpt\">\u00abEcuador asiste a este encuentro mundial para reafirmar su real compromiso pol\u00edtico, con la certeza de que el convenio de Minamata, al contribuir con reglas sobre el manejo adecuado del mercurio, est\u00e1 llamado a jugar un papel importante a favor del ambiente y de la salud y bienestar del ser humano en su interrelaci\u00f3n con su entorno\u00bb, Resalt\u00f3 la Ministra&hellip; <a href=\"https:\/\/www.ambienteyenergia.gob.ec\/ambiente\/uno-de-los-avances-del-ecuador-es-la-prohibicion-definitiva-del-uso-de-mercurio-en-actividades-mineras\/\">Read more &rarr;<\/a><\/p>\n","protected":false},"author":13,"featured_media":15964,"comment_status":"open","ping_status":"open","sticky":false,"template":"","format":"standard","meta":{"footnotes":""},"categories":[16,4],"tags":[],"class_list":["post-15963","post","type-post","status-publish","format-standard","has-post-thumbnail","hentry","category-comunicamos","category-noticias","xfolkentry"],"_links":{"self":[{"href":"https:\/\/www.ambienteyenergia.gob.ec\/ambiente\/wp-json\/wp\/v2\/posts\/15963","targetHints":{"allow":["GET"]}}],"collection":[{"href":"https:\/\/www.ambienteyenergia.gob.ec\/ambiente\/wp-json\/wp\/v2\/posts"}],"about":[{"href":"https:\/\/www.ambienteyenergia.gob.ec\/ambiente\/wp-json\/wp\/v2\/types\/post"}],"author":[{"embeddable":true,"href":"https:\/\/www.ambienteyenergia.gob.ec\/ambiente\/wp-json\/wp\/v2\/users\/13"}],"replies":[{"embeddable":true,"href":"https:\/\/www.ambienteyenergia.gob.ec\/ambiente\/wp-json\/wp\/v2\/comments?post=15963"}],"version-history":[{"count":0,"href":"https:\/\/www.ambienteyenergia.gob.ec\/ambiente\/wp-json\/wp\/v2\/posts\/15963\/revisions"}],"wp:featuredmedia":[{"embeddable":true,"href":"https:\/\/www.ambienteyenergia.gob.ec\/ambiente\/wp-json\/wp\/v2\/media\/15964"}],"wp:attachment":[{"href":"https:\/\/www.ambienteyenergia.gob.ec\/ambiente\/wp-json\/wp\/v2\/media?parent=15963"}],"wp:term":[{"taxonomy":"category","embeddable":true,"href":"https:\/\/www.ambienteyenergia.gob.ec\/ambiente\/wp-json\/wp\/v2\/categories?post=15963"},{"taxonomy":"post_tag","embeddable":true,"href":"https:\/\/www.ambienteyenergia.gob.ec\/ambiente\/wp-json\/wp\/v2\/tags?post=15963"}],"curies":[{"name":"wp","href":"https:\/\/api.w.org\/{rel}","templated":true}]}}