{"id":15958,"date":"2013-10-10T20:16:30","date_gmt":"2013-10-11T01:16:30","guid":{"rendered":"http:\/\/www.ambiente.gob.ec\/?p=15958"},"modified":"2013-10-14T14:18:25","modified_gmt":"2013-10-14T19:18:25","slug":"gestion-integral-de-pilas-usadas","status":"publish","type":"post","link":"https:\/\/www.ambienteyenergia.gob.ec\/ambiente\/gestion-integral-de-pilas-usadas\/","title":{"rendered":"Gesti\u00f3n Integral de Pilas Usadas"},"content":{"rendered":"<p style=\"text-align: justify;\">De acuerdo a lo establecido en el Acuerdo Ministerial No. 022, referente a la Gesti\u00f3n integral de pilas usadas, en base al marco normativo y de control respecto a la gesti\u00f3n ambiental de desechos peligrosos y especiales publicado en el Registro Oficial No. 631 del 21 de febrero 2013.<\/p>\n<p style=\"text-align: justify;\">Se hallan sujetos al cumplimiento y aplicaci\u00f3n de este instructivo toda persona natural o jur\u00eddica, p\u00fablica o privada, nacional o extranjera que dentro del territorio nacional participe en la fabricaci\u00f3n, importaci\u00f3n de pilas, siendo la comercializaci\u00f3n, distribuci\u00f3n y uso final corresponsables de la implementaci\u00f3n y ejecuci\u00f3n de los planes de gesti\u00f3n integral de pilas usadas, considerando que para la aprobaci\u00f3n del mencionado plan, el importador\/fabricante de pilas deber\u00e1 contar con el registro de Generador de Desechos peligrosos, seg\u00fan con lo descrito en la legislaci\u00f3n ambiental aplicable.<\/p>\n<p style=\"text-align: justify;\">Tanto el registro de generador otorgado al importador\/fabricante como el plan ser\u00e1n aprobados por la Autoridad Ambiental Nacional, mismo que ser\u00e1\u00a0 presentado por los importadores y\/o fabricantes de pilas, en un plazo no mayor a 180 d\u00edas posteriores a la publicaci\u00f3n del presente Acuerdo Minsiterial en el Registro Oficial.<\/p>\n<p style=\"text-align: justify;\">En seguimiento a las mencionadas disposiciones, se recuerda a los importadores de pilas, que el plazo para la presentaci\u00f3n de documentaci\u00f3n para obtener el registro de generador de desechos peligrosos y especiales as\u00ed como la presentaci\u00f3n de los programas de gesti\u00f3n vence el 29 Octubre de 2013.<\/p>\n<h4 style=\"text-align: justify;\"><strong>GESTI\u00d3N INTEGRAL DE DESECHOS PL\u00c1STICOS DE USO AGR\u00cdCOLA<\/strong><\/h4>\n<p style=\"text-align: justify;\">\u00a0El Ministerio de Ambiente ha fortalecido el marco normativo y de control respecto a la gesti\u00f3n ambiental de desechos peligrosos y especiales, es de esta manera que a trav\u00e9s del Acuerdo Ministerial No. 021 publicado en el Registro Oficial 631 del 21 de FEBRERO de 2013, se expide el \u201cInstructivo para la Gesti\u00f3n Integral de Desechos Pl\u00e1sticos de Uso Agr\u00edcola\u201d, el mismo que se basa en el involucramiento de actores fundamentales como son los importadores o fabricante, titular de registro o representante de productos que al final de su vida \u00fatil se convierten en desechos peligrosos o especiales.<\/p>\n<p style=\"text-align: justify;\">Se debe elaborar y presentar el Plan de Gesti\u00f3n Integral de Desechos Pl\u00e1sticos de Uso Agr\u00edcola ante la Autoridad Ambiental Nacional, en referencia al cumplimiento de las metas de recolecci\u00f3n.<\/p>\n<p style=\"text-align: justify;\">Para la aprobaci\u00f3n del Plan de Gesti\u00f3n los fabricantes, importadores, representantes, formuladores, titulares de registro y envasadores deben obtener el registro de generador de desechos especiales de acuerdo a lo establecido en la Normativa Ambiental aplicable.<\/p>\n<p style=\"text-align: justify;\">Este Plan de Gesti\u00f3n Integral de Desechos Pl\u00e1sticos de Uso Agr\u00edcola deber\u00e1 ser presentado por los fabricantes y\/o importadores, representantes, formuladores y envasadores de agroqu\u00edmicos, de manera individual o en gremio o grupos, en un plazo no mayor a 180 d\u00edas posteriores a la publicaci\u00f3n\u00a0 del Acuerdo Ministerial antes mencionado en el Registro Oficial y cuyo plazo finaliza el 29 de octubre de 2013.<\/p>\n","protected":false},"excerpt":{"rendered":"<p class=\"excerpt\">De acuerdo a lo establecido en el Acuerdo Ministerial No. 022, referente a la Gesti\u00f3n integral de pilas usadas, en base al marco normativo y de control respecto a la gesti\u00f3n ambiental de desechos peligrosos y especiales publicado en el Registro Oficial No. 631 del 21 de febrero 2013. Se hallan sujetos al cumplimiento y aplicaci\u00f3n de este instructivo toda&hellip; <a href=\"https:\/\/www.ambienteyenergia.gob.ec\/ambiente\/gestion-integral-de-pilas-usadas\/\">Read more &rarr;<\/a><\/p>\n","protected":false},"author":13,"featured_media":15961,"comment_status":"open","ping_status":"open","sticky":false,"template":"","format":"standard","meta":{"footnotes":""},"categories":[16,4],"tags":[],"class_list":["post-15958","post","type-post","status-publish","format-standard","has-post-thumbnail","hentry","category-comunicamos","category-noticias","xfolkentry"],"_links":{"self":[{"href":"https:\/\/www.ambienteyenergia.gob.ec\/ambiente\/wp-json\/wp\/v2\/posts\/15958","targetHints":{"allow":["GET"]}}],"collection":[{"href":"https:\/\/www.ambienteyenergia.gob.ec\/ambiente\/wp-json\/wp\/v2\/posts"}],"about":[{"href":"https:\/\/www.ambienteyenergia.gob.ec\/ambiente\/wp-json\/wp\/v2\/types\/post"}],"author":[{"embeddable":true,"href":"https:\/\/www.ambienteyenergia.gob.ec\/ambiente\/wp-json\/wp\/v2\/users\/13"}],"replies":[{"embeddable":true,"href":"https:\/\/www.ambienteyenergia.gob.ec\/ambiente\/wp-json\/wp\/v2\/comments?post=15958"}],"version-history":[{"count":0,"href":"https:\/\/www.ambienteyenergia.gob.ec\/ambiente\/wp-json\/wp\/v2\/posts\/15958\/revisions"}],"wp:featuredmedia":[{"embeddable":true,"href":"https:\/\/www.ambienteyenergia.gob.ec\/ambiente\/wp-json\/wp\/v2\/media\/15961"}],"wp:attachment":[{"href":"https:\/\/www.ambienteyenergia.gob.ec\/ambiente\/wp-json\/wp\/v2\/media?parent=15958"}],"wp:term":[{"taxonomy":"category","embeddable":true,"href":"https:\/\/www.ambienteyenergia.gob.ec\/ambiente\/wp-json\/wp\/v2\/categories?post=15958"},{"taxonomy":"post_tag","embeddable":true,"href":"https:\/\/www.ambienteyenergia.gob.ec\/ambiente\/wp-json\/wp\/v2\/tags?post=15958"}],"curies":[{"name":"wp","href":"https:\/\/api.w.org\/{rel}","templated":true}]}}