{"id":15955,"date":"2013-10-10T20:14:50","date_gmt":"2013-10-11T01:14:50","guid":{"rendered":"http:\/\/www.ambiente.gob.ec\/?p=15955"},"modified":"2013-10-10T20:14:50","modified_gmt":"2013-10-11T01:14:50","slug":"tribunal-tercero-de-garantias-penales-de-pichincha-sentencio-a-30-personas-por-el-peculado-perpetrado-al-mae","status":"publish","type":"post","link":"https:\/\/www.ambienteyenergia.gob.ec\/ambiente\/tribunal-tercero-de-garantias-penales-de-pichincha-sentencio-a-30-personas-por-el-peculado-perpetrado-al-mae\/","title":{"rendered":"Tribunal Tercero de Garant\u00edas Penales de Pichincha sentenci\u00f3 a 30 personas por el peculado perpetrado al MAE"},"content":{"rendered":"<p style=\"text-align: justify;\">De los 49 acusados por el desv\u00edo de USD 7.360.798,75 del Ministerio del Ambiente (MAE), a trav\u00e9s del Sistema Integrado de Administraci\u00f3n Financiera (Esigef),\u00a0 30 fueron declarados culpables en diferentes grados de responsabilidad. Esa fue la resoluci\u00f3n que hoy dictamin\u00f3 del Tribunal Tercero de Garant\u00edas Penales de Pichincha, en el marco del Juicio Penal No. 17258-2012-1405, por peculado, luego de 30 d\u00edas de audiencia de juzgamiento en d\u00f3nde se evacuaron las diferentes pruebas recabadas durante la etapa de investigaci\u00f3n e instrucci\u00f3n fiscal.<\/p>\n<p style=\"text-align: justify;\">Entre implicados declarados culpables se encuentran tres de los cinco exfuncionarios del MAE. En los pr\u00f3ximos d\u00edas, el Tribunal notificar\u00e1 la sentencia por escrito.<\/p>\n<p style=\"text-align: justify;\">Durante todo el proceso, el MAE, como acusador particular, ha colaborado con las autoridades para determinar a todos los responsables del hecho. Esta Cartera de Estado solicito en la audiencia de juzgamiento que los sentenciados paguen por da\u00f1os y perjuicios.<\/p>\n<p style=\"text-align: justify;\"><strong>Cronolog\u00eda del caso <\/strong><\/p>\n<ul style=\"text-align: justify;\">\n<li>En mayo del 2012, el MAE determin\u00f3 que exist\u00eda un desv\u00edo de fondos en esta Cartera de Estado.<\/li>\n<li>El delito que se investig\u00f3 por apropiaci\u00f3n il\u00edcita fue cambiado al de Peculado.<\/li>\n<li>En total, 26 personas est\u00e1n pr\u00f3fugas.<\/li>\n<li>El viernes 11 de enero del 2013, el Juez Octavo de Garant\u00edas Penales de Pichincha, Dr. Ivan Merchan Aguirre, dictamin\u00f3 prisi\u00f3n preventiva a D. Guzm\u00e1n y W. P\u00e9rez. Estas personas que no eran funcionarios ni proveedores del MAE intervinieron en el desv\u00edo de fondos con sus claves y usuarios en los sistemas financieros del Estado.<\/li>\n<li>El MAE fue sujeto de una auditor\u00eda por parte de la Contralor\u00eda.<\/li>\n<li>El jueves 31 de enero, el Juez Octavo de Garant\u00edas Penales de Pichincha, dictamin\u00f3 medidas cautelares sin prisi\u00f3n a cinco personas m\u00e1s que fueron vinculadas al caso del desv\u00edo de fondos del Ministerio del Ambiente (MAE).<\/li>\n<li>La decisi\u00f3n fue tomada con base en la petici\u00f3n de la Fiscal\u00eda General del Estado.<\/li>\n<li>El 9 de septiembre se instaur\u00f3 la Audiencia de Juzgamiento por el Juicio de Peculado para resolver la situaci\u00f3n jur\u00eddica de los 47 procesados en el Proceso.<\/li>\n<\/ul>\n<ul style=\"text-align: justify;\">\n<li>Durante la Audiencia se recibi\u00f3 los testimonios de los acusados y de los testigos llamados por la defensa de los hoy procesados.<\/li>\n<li>De la misma manera, se presentaron diferentes servidores p\u00fablicos como la Subsecretaria del Tesoro Nacional, la Dr. Mar\u00eda del Carmen Jibaja, quien explic\u00f3 al tribunal lo correspondiente al Sistema Integrado de Administraci\u00f3n Financiera (Esigef), que fue utilizado para desviar los fondos a cuentas de terceros no autorizadas.<\/li>\n<li>Se presentaron peritos contables, documentol\u00f3gicos e inform\u00e1ticos para explicar los m\u00e9todos y los rubros que fueron incautados por los bancos, fechas de retiro y de dep\u00f3sito de los valores del MAE, as\u00ed como beneficiarios de las cuentas.<\/li>\n<li>Se present\u00f3 tambi\u00e9n el Gerente General del Banco de Guayaquil para explicar las acciones que realiza el banco cuando los fondos depositados en cuentas sobrepasan el perfil de cada cuentahabiente y como as\u00ed se puede detener de alguna manera que retiren fondos no justificados.<\/li>\n<li>La defensa de los procesados aleg\u00f3 que el dinero fue entregado a Rigoberto L\u00f3pez Viteri (tambi\u00e9n procesado), quien rindi\u00f3 testimonio negando que se le hab\u00edan entregado dichos valores.<\/li>\n<li>La fase de pruebas y debates dentro de la audiencia de juzgamiento termino la ma\u00f1ana de hoy 10 de octubre de 2013, siendo que el Tribunal Tercero de Garant\u00edas Penales de Pichincha, procedi\u00f3 a emitir su pronunciamiento en horas de la tarde.<\/li>\n<\/ul>\n","protected":false},"excerpt":{"rendered":"<p class=\"excerpt\">De los 49 acusados por el desv\u00edo de USD 7.360.798,75 del Ministerio del Ambiente (MAE), a trav\u00e9s del Sistema Integrado de Administraci\u00f3n Financiera (Esigef),\u00a0 30 fueron declarados culpables en diferentes grados de responsabilidad. Esa fue la resoluci\u00f3n que hoy dictamin\u00f3 del Tribunal Tercero de Garant\u00edas Penales de Pichincha, en el marco del Juicio Penal No. 17258-2012-1405, por peculado, luego de&hellip; <a href=\"https:\/\/www.ambienteyenergia.gob.ec\/ambiente\/tribunal-tercero-de-garantias-penales-de-pichincha-sentencio-a-30-personas-por-el-peculado-perpetrado-al-mae\/\">Read more &rarr;<\/a><\/p>\n","protected":false},"author":13,"featured_media":15956,"comment_status":"open","ping_status":"open","sticky":false,"template":"","format":"standard","meta":{"footnotes":""},"categories":[16,4],"tags":[],"class_list":["post-15955","post","type-post","status-publish","format-standard","has-post-thumbnail","hentry","category-comunicamos","category-noticias","xfolkentry"],"_links":{"self":[{"href":"https:\/\/www.ambienteyenergia.gob.ec\/ambiente\/wp-json\/wp\/v2\/posts\/15955","targetHints":{"allow":["GET"]}}],"collection":[{"href":"https:\/\/www.ambienteyenergia.gob.ec\/ambiente\/wp-json\/wp\/v2\/posts"}],"about":[{"href":"https:\/\/www.ambienteyenergia.gob.ec\/ambiente\/wp-json\/wp\/v2\/types\/post"}],"author":[{"embeddable":true,"href":"https:\/\/www.ambienteyenergia.gob.ec\/ambiente\/wp-json\/wp\/v2\/users\/13"}],"replies":[{"embeddable":true,"href":"https:\/\/www.ambienteyenergia.gob.ec\/ambiente\/wp-json\/wp\/v2\/comments?post=15955"}],"version-history":[{"count":0,"href":"https:\/\/www.ambienteyenergia.gob.ec\/ambiente\/wp-json\/wp\/v2\/posts\/15955\/revisions"}],"wp:featuredmedia":[{"embeddable":true,"href":"https:\/\/www.ambienteyenergia.gob.ec\/ambiente\/wp-json\/wp\/v2\/media\/15956"}],"wp:attachment":[{"href":"https:\/\/www.ambienteyenergia.gob.ec\/ambiente\/wp-json\/wp\/v2\/media?parent=15955"}],"wp:term":[{"taxonomy":"category","embeddable":true,"href":"https:\/\/www.ambienteyenergia.gob.ec\/ambiente\/wp-json\/wp\/v2\/categories?post=15955"},{"taxonomy":"post_tag","embeddable":true,"href":"https:\/\/www.ambienteyenergia.gob.ec\/ambiente\/wp-json\/wp\/v2\/tags?post=15955"}],"curies":[{"name":"wp","href":"https:\/\/api.w.org\/{rel}","templated":true}]}}