{"id":15936,"date":"2013-10-10T12:41:03","date_gmt":"2013-10-10T17:41:03","guid":{"rendered":"http:\/\/www.ambiente.gob.ec\/?p=15936"},"modified":"2013-10-10T12:49:25","modified_gmt":"2013-10-10T17:49:25","slug":"ministerio-del-ambiente-combate-ilegalidad-de-la-madera-en-esmeraldas-con-operativos-integrados","status":"publish","type":"post","link":"https:\/\/www.ambienteyenergia.gob.ec\/ambiente\/ministerio-del-ambiente-combate-ilegalidad-de-la-madera-en-esmeraldas-con-operativos-integrados\/","title":{"rendered":"Ministerio del Ambiente combate ilegalidad de la madera en Esmeraldas con operativos integrados"},"content":{"rendered":"<p style=\"text-align: justify;\">El Ministerio del Ambiente cuenta con los primeros resultados del trabajo ejecutado durante el Estado de Excepci\u00f3n en Esmeraldas decretado por el Presidente de la Rep\u00fablica el pasado 23 de septiembre. Durante estos primeros 17 d\u00edas se han realizado operativos de control integrados, controles las 24 horas en carreteras y la verificaci\u00f3n de los programas de aprovechamiento en campo. 100 especialistas del Ministerio trabajan en este Plan de Acci\u00f3n para fomentar el manejo forestal sostenible y preservar el patrimonio natural del Ecuador.<\/p>\n<p style=\"text-align: justify;\">Hasta el momento, se han detenido 16 veh\u00edculos con 333, 12 metros c\u00fabicos de madera, los cuales se someten a una verificaci\u00f3n exhaustiva. Adem\u00e1s, en campo se han identificado 5 379 m3 que no cumplen con la normativa ambiental vigente durante la etapa de implementaci\u00f3n del programa, siendo esta una causa de la p\u00e9rdida de la cobertura vegetal del bosque nativo.<\/p>\n<p style=\"text-align: justify;\">Esta semana, en coordinaci\u00f3n con las Fuerzas Armadas, la Polic\u00eda Nacional y Fiscal\u00eda actuaron en la zona norte de la provincia de Esmeraldas, en uno de los principales sitios donde se comercializa madera ilegal, como parte de la estrategia del plan de intervenci\u00f3n en la provincia.<\/p>\n<p style=\"text-align: justify;\">Resultado del operativo<\/p>\n<p style=\"text-align: justify;\">Resultado de este operativo realizado a orillas del r\u00edo Cayapas, al norte de la provincia de Esmeraldas, fue el decomiso de 133,7 m3 de especies forestales como el chanul, mascarey, laurel, sande. Las acciones implementadas fueron la verificaci\u00f3n de la madera en los centros de acopio, la comprobaci\u00f3n de las especies, el volumen. Adem\u00e1s, se abrir\u00e1n procesos administrativos a trav\u00e9s del acta de retenci\u00f3n de la madera y procesos de indagaci\u00f3n por parte de la Fiscal\u00eda.<\/p>\n<p style=\"text-align: justify;\">La Ministra (S), M\u00f3nica Hidalgo, asegura que esta es una medida contundente por parte del MAE demostrando un verdadero compromiso con el pa\u00eds. \u201cEstas son acciones que contribuyen a salvaguardar el patrimonio natural de los ecuatorianos\/as y a motivar a que los actores de la cadena de la madera realicen actividades legales y formalizadas dentro del marco normativo vigente\u201d. Agreg\u00f3 que el Plan de Acci\u00f3n del Estado de Excepci\u00f3n se cumple a cabalidad de acuerdo a los hitos de avance establecidos.<\/p>\n<p style=\"text-align: justify;\">Plan robusto de incentivos<\/p>\n<p style=\"text-align: justify;\">A la par de los operativos de control se ha desplegado en toda la provincia un total de ocho brigadas de t\u00e9cnicos del Ministerio del Ambiente que est\u00e1n socializando el paquete de incentivos para que los actores vinculados con la madera puedan acceder a los mismos. Entre ellos, la inclusi\u00f3n en el Programa Socio Bosque (pago efectivo directo para la conservaci\u00f3n de bosques), inicio de procesos para la legalizaci\u00f3n de tierras para llevar adelante el manejo forestal sostenible, adem\u00e1s, brindar asesoramiento t\u00e9cnico para incentivar a un manejo forestal sostenible y la regularizaci\u00f3n de los actores relacionados con la madera.<\/p>\n<div id='gallery-1' class='gallery galleryid-15936 gallery-columns-4 gallery-size-thumbnail'><dl class='gallery-item'>\n\t\t\t<dt class='gallery-icon landscape'>\n\t\t\t\t<a href='https:\/\/www.ambienteyenergia.gob.ec\/ambiente\/ministerio-del-ambiente-combate-ilegalidad-de-la-madera-en-esmeraldas-con-operativos-integrados\/4-26\/'><img loading=\"lazy\" decoding=\"async\" width=\"150\" height=\"150\" src=\"https:\/\/www.ambienteyenergia.gob.ec\/ambiente\/wp-content\/uploads\/sites\/2\/2013\/10\/4-150x150.jpg\" class=\"attachment-thumbnail size-thumbnail\" alt=\"\" \/><\/a>\n\t\t\t<\/dt><\/dl><dl class='gallery-item'>\n\t\t\t<dt class='gallery-icon landscape'>\n\t\t\t\t<a href='https:\/\/www.ambienteyenergia.gob.ec\/ambiente\/ministerio-del-ambiente-combate-ilegalidad-de-la-madera-en-esmeraldas-con-operativos-integrados\/1-62\/'><img loading=\"lazy\" decoding=\"async\" width=\"150\" height=\"150\" src=\"https:\/\/www.ambienteyenergia.gob.ec\/ambiente\/wp-content\/uploads\/sites\/2\/2013\/10\/12-150x150.jpg\" class=\"attachment-thumbnail size-thumbnail\" alt=\"\" \/><\/a>\n\t\t\t<\/dt><\/dl><dl class='gallery-item'>\n\t\t\t<dt class='gallery-icon landscape'>\n\t\t\t\t<a href='https:\/\/www.ambienteyenergia.gob.ec\/ambiente\/ministerio-del-ambiente-combate-ilegalidad-de-la-madera-en-esmeraldas-con-operativos-integrados\/2-49\/'><img loading=\"lazy\" decoding=\"async\" width=\"150\" height=\"150\" src=\"https:\/\/www.ambienteyenergia.gob.ec\/ambiente\/wp-content\/uploads\/sites\/2\/2013\/10\/21-150x150.jpg\" class=\"attachment-thumbnail size-thumbnail\" alt=\"\" \/><\/a>\n\t\t\t<\/dt><\/dl><dl class='gallery-item'>\n\t\t\t<dt class='gallery-icon landscape'>\n\t\t\t\t<a href='https:\/\/www.ambienteyenergia.gob.ec\/ambiente\/ministerio-del-ambiente-combate-ilegalidad-de-la-madera-en-esmeraldas-con-operativos-integrados\/3-34\/'><img loading=\"lazy\" decoding=\"async\" width=\"150\" height=\"150\" src=\"https:\/\/www.ambienteyenergia.gob.ec\/ambiente\/wp-content\/uploads\/sites\/2\/2013\/10\/31-150x150.jpg\" class=\"attachment-thumbnail size-thumbnail\" alt=\"\" \/><\/a>\n\t\t\t<\/dt><\/dl><br style=\"clear: both\" \/><dl class='gallery-item'>\n\t\t\t<dt class='gallery-icon landscape'>\n\t\t\t\t<a href='https:\/\/www.ambienteyenergia.gob.ec\/ambiente\/ministerio-del-ambiente-combate-ilegalidad-de-la-madera-en-esmeraldas-con-operativos-integrados\/5-20\/'><img loading=\"lazy\" decoding=\"async\" width=\"150\" height=\"150\" src=\"https:\/\/www.ambienteyenergia.gob.ec\/ambiente\/wp-content\/uploads\/sites\/2\/2013\/10\/5-150x150.jpg\" class=\"attachment-thumbnail size-thumbnail\" alt=\"\" \/><\/a>\n\t\t\t<\/dt><\/dl><dl class='gallery-item'>\n\t\t\t<dt class='gallery-icon landscape'>\n\t\t\t\t<a href='https:\/\/www.ambienteyenergia.gob.ec\/ambiente\/ministerio-del-ambiente-combate-ilegalidad-de-la-madera-en-esmeraldas-con-operativos-integrados\/6-20\/'><img loading=\"lazy\" decoding=\"async\" width=\"150\" height=\"150\" src=\"https:\/\/www.ambienteyenergia.gob.ec\/ambiente\/wp-content\/uploads\/sites\/2\/2013\/10\/6-150x150.jpg\" class=\"attachment-thumbnail size-thumbnail\" alt=\"\" \/><\/a>\n\t\t\t<\/dt><\/dl><dl class='gallery-item'>\n\t\t\t<dt class='gallery-icon landscape'>\n\t\t\t\t<a href='https:\/\/www.ambienteyenergia.gob.ec\/ambiente\/ministerio-del-ambiente-combate-ilegalidad-de-la-madera-en-esmeraldas-con-operativos-integrados\/7-13\/'><img loading=\"lazy\" decoding=\"async\" width=\"150\" height=\"150\" src=\"https:\/\/www.ambienteyenergia.gob.ec\/ambiente\/wp-content\/uploads\/sites\/2\/2013\/10\/7-150x150.jpg\" class=\"attachment-thumbnail size-thumbnail\" alt=\"\" \/><\/a>\n\t\t\t<\/dt><\/dl>\n\t\t\t<br style='clear: both' \/>\n\t\t<\/div>\n\n<p>&nbsp;<\/p>\n<p>&nbsp;<\/p>\n<p>&nbsp;<\/p>\n<p>&nbsp;<\/p>\n","protected":false},"excerpt":{"rendered":"<p class=\"excerpt\">El Ministerio del Ambiente cuenta con los primeros resultados del trabajo ejecutado durante el Estado de Excepci\u00f3n en Esmeraldas decretado por el Presidente de la Rep\u00fablica el pasado 23 de septiembre. Durante estos primeros 17 d\u00edas se han realizado operativos de control integrados, controles las 24 horas en carreteras y la verificaci\u00f3n de los programas de aprovechamiento en campo. 100&hellip; <a href=\"https:\/\/www.ambienteyenergia.gob.ec\/ambiente\/ministerio-del-ambiente-combate-ilegalidad-de-la-madera-en-esmeraldas-con-operativos-integrados\/\">Read more &rarr;<\/a><\/p>\n","protected":false},"author":13,"featured_media":15937,"comment_status":"open","ping_status":"open","sticky":false,"template":"","format":"standard","meta":{"footnotes":""},"categories":[16,4,10],"tags":[],"class_list":["post-15936","post","type-post","status-publish","format-standard","has-post-thumbnail","hentry","category-comunicamos","category-noticias","category-noticias-destacadas","xfolkentry"],"_links":{"self":[{"href":"https:\/\/www.ambienteyenergia.gob.ec\/ambiente\/wp-json\/wp\/v2\/posts\/15936","targetHints":{"allow":["GET"]}}],"collection":[{"href":"https:\/\/www.ambienteyenergia.gob.ec\/ambiente\/wp-json\/wp\/v2\/posts"}],"about":[{"href":"https:\/\/www.ambienteyenergia.gob.ec\/ambiente\/wp-json\/wp\/v2\/types\/post"}],"author":[{"embeddable":true,"href":"https:\/\/www.ambienteyenergia.gob.ec\/ambiente\/wp-json\/wp\/v2\/users\/13"}],"replies":[{"embeddable":true,"href":"https:\/\/www.ambienteyenergia.gob.ec\/ambiente\/wp-json\/wp\/v2\/comments?post=15936"}],"version-history":[{"count":0,"href":"https:\/\/www.ambienteyenergia.gob.ec\/ambiente\/wp-json\/wp\/v2\/posts\/15936\/revisions"}],"wp:featuredmedia":[{"embeddable":true,"href":"https:\/\/www.ambienteyenergia.gob.ec\/ambiente\/wp-json\/wp\/v2\/media\/15937"}],"wp:attachment":[{"href":"https:\/\/www.ambienteyenergia.gob.ec\/ambiente\/wp-json\/wp\/v2\/media?parent=15936"}],"wp:term":[{"taxonomy":"category","embeddable":true,"href":"https:\/\/www.ambienteyenergia.gob.ec\/ambiente\/wp-json\/wp\/v2\/categories?post=15936"},{"taxonomy":"post_tag","embeddable":true,"href":"https:\/\/www.ambienteyenergia.gob.ec\/ambiente\/wp-json\/wp\/v2\/tags?post=15936"}],"curies":[{"name":"wp","href":"https:\/\/api.w.org\/{rel}","templated":true}]}}