{"id":15931,"date":"2013-10-10T12:10:06","date_gmt":"2013-10-10T17:10:06","guid":{"rendered":"http:\/\/www.ambiente.gob.ec\/?p=15931"},"modified":"2013-10-10T12:10:06","modified_gmt":"2013-10-10T17:10:06","slug":"ministra-lorena-tapia-participa-en-conferencia-de-plenipotenciarios-sobre-el-convenio-de-minamata-sobre-mercurio-en-japon","status":"publish","type":"post","link":"https:\/\/www.ambienteyenergia.gob.ec\/ambiente\/ministra-lorena-tapia-participa-en-conferencia-de-plenipotenciarios-sobre-el-convenio-de-minamata-sobre-mercurio-en-japon\/","title":{"rendered":"Ministra Lorena Tapia participa en Conferencia de Plenipotenciarios sobre el Convenio de Minamata sobre Mercurio, en Jap\u00f3n"},"content":{"rendered":"<p style=\"text-align: justify;\">Hoy, la Ministra del Ambiente de Ecuador, Lorena Tapia, preside la Conferencia de Plenipotenciarios del Convenio de Minamata sobre el Mercurio, en el Hotel Nikko de la Prefectura de Kumamoto, Jap\u00f3n. El objetivo de la Conferencia es adoptar el Acta Final del Convenio para posteriormente suscribir el mismo.<\/p>\n<p style=\"text-align: justify;\">El Director Ejecutivo del Programa de las Naciones Unidas para el Medio Ambiente, Achim Steiner, dio la bienvenida y brevemente aludi\u00f3 al \u00abviaje\u00bb refiri\u00e9ndose a los cuatro a\u00f1os de sesiones intergubernamentales de negociaci\u00f3n previo a la firma del convenio.<\/p>\n<p style=\"text-align: justify;\">Siguiendo el orden del programa provisional se eligi\u00f3 la Mesa de Trabajo, se aprob\u00f3 el Convenio y se invit\u00f3 por orden alfab\u00e9tico, a los delegados gubernamentales a que rubriquen los documentos pertinentes, en funci\u00f3n de sus plenos poderes. La firma del convenio inici\u00f3 con los Cancilleres de Madagascar, Jap\u00f3n, Uruguay y Zambia seguido por los Ministros de Ambiente de aproximadamente 80 pa\u00edses acreditados para la firma.<\/p>\n<p style=\"text-align: justify;\">Finalizada la ceremonia de firma del instrumento, los representantes podr\u00e1n formular declaraciones, espacio en el cual la Ministra Lorena Tapia tendr\u00e1 una breve intervenci\u00f3n para recalcar que el Ecuador mantiene una firme vocaci\u00f3n de conservaci\u00f3n y protecci\u00f3n ambiental, que se refleja en la elaboraci\u00f3n de propuestas innovadoras para defender el ambiente y conseguir el restablecimiento de la armon\u00eda entre el ser humano y la naturaleza.<\/p>\n<p style=\"text-align: justify;\">Es por eso que desde el 2010, el Ecuador ha participado activamente en varios temas dentro de los grupos de contacto conformado por el CIN y el Grupo de Latinoam\u00e9rica y el Caribe (GRULAC). Claro ejemplo de participaci\u00f3n fue en enero de este a\u00f1o, donde se lleg\u00f3 a un consenso en la elaboraci\u00f3n del instrumento jur\u00eddicamente vinculante, para suscribir oficialmente el \u201cConvenio de Minamata sobre Mercurio\u201d, con el objetivo de proteger la salud humana y el ambiente de las emisiones y las liberaciones antropog\u00e9nicas de ese elemento y sus compuestos, siguiendo en el marco del compromiso orientado hacia la reducci\u00f3n y eliminaci\u00f3n del mercurio.<\/p>\n<p style=\"text-align: justify;\">Por esa raz\u00f3n, en sus pol\u00edticas, relacionadas espec\u00edficamente a las actividades mineras, el Ministerio del Ambiente (MAE) trabaja en el Proyecto denominado Cero Mercurio, desde 2012.<\/p>\n<p style=\"text-align: justify;\">\n","protected":false},"excerpt":{"rendered":"<p class=\"excerpt\">Hoy, la Ministra del Ambiente de Ecuador, Lorena Tapia, preside la Conferencia de Plenipotenciarios del Convenio de Minamata sobre el Mercurio, en el Hotel Nikko de la Prefectura de Kumamoto, Jap\u00f3n. El objetivo de la Conferencia es adoptar el Acta Final del Convenio para posteriormente suscribir el mismo. El Director Ejecutivo del Programa de las Naciones Unidas para el Medio&hellip; <a href=\"https:\/\/www.ambienteyenergia.gob.ec\/ambiente\/ministra-lorena-tapia-participa-en-conferencia-de-plenipotenciarios-sobre-el-convenio-de-minamata-sobre-mercurio-en-japon\/\">Read more &rarr;<\/a><\/p>\n","protected":false},"author":13,"featured_media":15932,"comment_status":"open","ping_status":"open","sticky":false,"template":"","format":"standard","meta":{"footnotes":""},"categories":[16,4,10],"tags":[],"class_list":["post-15931","post","type-post","status-publish","format-standard","has-post-thumbnail","hentry","category-comunicamos","category-noticias","category-noticias-destacadas","xfolkentry"],"_links":{"self":[{"href":"https:\/\/www.ambienteyenergia.gob.ec\/ambiente\/wp-json\/wp\/v2\/posts\/15931","targetHints":{"allow":["GET"]}}],"collection":[{"href":"https:\/\/www.ambienteyenergia.gob.ec\/ambiente\/wp-json\/wp\/v2\/posts"}],"about":[{"href":"https:\/\/www.ambienteyenergia.gob.ec\/ambiente\/wp-json\/wp\/v2\/types\/post"}],"author":[{"embeddable":true,"href":"https:\/\/www.ambienteyenergia.gob.ec\/ambiente\/wp-json\/wp\/v2\/users\/13"}],"replies":[{"embeddable":true,"href":"https:\/\/www.ambienteyenergia.gob.ec\/ambiente\/wp-json\/wp\/v2\/comments?post=15931"}],"version-history":[{"count":0,"href":"https:\/\/www.ambienteyenergia.gob.ec\/ambiente\/wp-json\/wp\/v2\/posts\/15931\/revisions"}],"wp:featuredmedia":[{"embeddable":true,"href":"https:\/\/www.ambienteyenergia.gob.ec\/ambiente\/wp-json\/wp\/v2\/media\/15932"}],"wp:attachment":[{"href":"https:\/\/www.ambienteyenergia.gob.ec\/ambiente\/wp-json\/wp\/v2\/media?parent=15931"}],"wp:term":[{"taxonomy":"category","embeddable":true,"href":"https:\/\/www.ambienteyenergia.gob.ec\/ambiente\/wp-json\/wp\/v2\/categories?post=15931"},{"taxonomy":"post_tag","embeddable":true,"href":"https:\/\/www.ambienteyenergia.gob.ec\/ambiente\/wp-json\/wp\/v2\/tags?post=15931"}],"curies":[{"name":"wp","href":"https:\/\/api.w.org\/{rel}","templated":true}]}}