{"id":15913,"date":"2013-10-09T16:03:38","date_gmt":"2013-10-09T21:03:38","guid":{"rendered":"http:\/\/www.ambiente.gob.ec\/?p=15913"},"modified":"2013-10-09T16:28:35","modified_gmt":"2013-10-09T21:28:35","slug":"mae-participa-la-feria-socio-pais-duran-guayas","status":"publish","type":"post","link":"https:\/\/www.ambienteyenergia.gob.ec\/ambiente\/mae-participa-la-feria-socio-pais-duran-guayas\/","title":{"rendered":"MAE participa en la Feria Socio Pa\u00eds en Dur\u00e1n (Guayas)"},"content":{"rendered":"<p style=\"text-align: justify;\">Desde ayer, el Ministerio del Ambiente (MAE) participa en la Feria Socio Pa\u00eds, que este a\u00f1o se realiza en la Feria de Dur\u00e1n, provincia de Guayas. Hasta el 20 de octubre, la ciudadan\u00eda podr\u00e1 conocer algunos de los proyectos, programas y servicios que \u00e9sta Cartera de Estado ejecuta en favor del cuidado ambiental.<\/p>\n<p style=\"text-align: justify;\">El Sistema Nacional de \u00c1reas Protegidas, c\u00f3mo calcular y reducir su huella ecol\u00f3gica, los avances del proyecto Guayaquil Ecol\u00f3gico, en su componente Estero Salado, la gesti\u00f3n integral de residuos s\u00f3lidos, y los beneficios del programa Socio Bosque, entre otros, son los temas que funcionarios del MAE explican a los visitantes del Stand, a trav\u00e9s de actividades l\u00fadicas y did\u00e1cticas.<\/p>\n<p style=\"text-align: justify;\">Para Geordana Rodr\u00edguez, una de las visitantes, es importante conocer c\u00f3mo cuidar el patrimonio natural del pa\u00eds. \u00abQu\u00e9 bueno que ahora se conozca la gesti\u00f3n ambiental. As\u00ed, aprendemos m\u00e1s acerca de nuestra biodiversidad, y como ecuatorianos podremos visitar lugares que antes solo eran apreciados por extranjeros\u00bb.<\/p>\n<p style=\"text-align: justify;\">En las pr\u00f3ximas horas, se espera la llegada de autoridades gubernamentales y locales que a prop\u00f3sito de la celebraci\u00f3n de los 193 a\u00f1os de independencia de\u00a0 la ciudad de Guayaquil, compartir\u00e1n con toda la ciudadan\u00eda los avances y proyectos que lleva adelante cada una de las instituciones participantes.<\/p>\n<p style=\"text-align: justify;\">Esta Cartera de Estado invita a todos los ciudadanos y ciudadanas a visitar y participar en el stand, en los siguientes horarios: de lunes a viernes, de 16:00 a 24:00; fines de semana y feriados, de 14:00 a 24:00.<\/p>\n","protected":false},"excerpt":{"rendered":"<p class=\"excerpt\">Desde ayer, el Ministerio del Ambiente (MAE) participa en la Feria Socio Pa\u00eds, que este a\u00f1o se realiza en la Feria de Dur\u00e1n, provincia de Guayas. Hasta el 20 de octubre, la ciudadan\u00eda podr\u00e1 conocer algunos de los proyectos, programas y servicios que \u00e9sta Cartera de Estado ejecuta en favor del cuidado ambiental. El Sistema Nacional de \u00c1reas Protegidas, c\u00f3mo&hellip; <a href=\"https:\/\/www.ambienteyenergia.gob.ec\/ambiente\/mae-participa-la-feria-socio-pais-duran-guayas\/\">Read more &rarr;<\/a><\/p>\n","protected":false},"author":13,"featured_media":15914,"comment_status":"open","ping_status":"open","sticky":false,"template":"","format":"standard","meta":{"footnotes":""},"categories":[16,4],"tags":[],"class_list":["post-15913","post","type-post","status-publish","format-standard","has-post-thumbnail","hentry","category-comunicamos","category-noticias","xfolkentry"],"_links":{"self":[{"href":"https:\/\/www.ambienteyenergia.gob.ec\/ambiente\/wp-json\/wp\/v2\/posts\/15913","targetHints":{"allow":["GET"]}}],"collection":[{"href":"https:\/\/www.ambienteyenergia.gob.ec\/ambiente\/wp-json\/wp\/v2\/posts"}],"about":[{"href":"https:\/\/www.ambienteyenergia.gob.ec\/ambiente\/wp-json\/wp\/v2\/types\/post"}],"author":[{"embeddable":true,"href":"https:\/\/www.ambienteyenergia.gob.ec\/ambiente\/wp-json\/wp\/v2\/users\/13"}],"replies":[{"embeddable":true,"href":"https:\/\/www.ambienteyenergia.gob.ec\/ambiente\/wp-json\/wp\/v2\/comments?post=15913"}],"version-history":[{"count":0,"href":"https:\/\/www.ambienteyenergia.gob.ec\/ambiente\/wp-json\/wp\/v2\/posts\/15913\/revisions"}],"wp:featuredmedia":[{"embeddable":true,"href":"https:\/\/www.ambienteyenergia.gob.ec\/ambiente\/wp-json\/wp\/v2\/media\/15914"}],"wp:attachment":[{"href":"https:\/\/www.ambienteyenergia.gob.ec\/ambiente\/wp-json\/wp\/v2\/media?parent=15913"}],"wp:term":[{"taxonomy":"category","embeddable":true,"href":"https:\/\/www.ambienteyenergia.gob.ec\/ambiente\/wp-json\/wp\/v2\/categories?post=15913"},{"taxonomy":"post_tag","embeddable":true,"href":"https:\/\/www.ambienteyenergia.gob.ec\/ambiente\/wp-json\/wp\/v2\/tags?post=15913"}],"curies":[{"name":"wp","href":"https:\/\/api.w.org\/{rel}","templated":true}]}}