{"id":15903,"date":"2013-10-09T11:14:53","date_gmt":"2013-10-09T16:14:53","guid":{"rendered":"http:\/\/www.ambiente.gob.ec\/?p=15903"},"modified":"2013-10-09T11:46:16","modified_gmt":"2013-10-09T16:46:16","slug":"ecuador-a-la-vanguardia-en-la-conservacion-de-areas-protegidas-en-suramerica","status":"publish","type":"post","link":"https:\/\/www.ambienteyenergia.gob.ec\/ambiente\/ecuador-a-la-vanguardia-en-la-conservacion-de-areas-protegidas-en-suramerica\/","title":{"rendered":"Ecuador, a la vanguardia en la conservaci\u00f3n de \u00c1reas Protegidas en Suram\u00e9rica"},"content":{"rendered":"<p style=\"text-align: justify;\">Ecuador es el s\u00e9ptimo pa\u00eds con mayor porcentaje de superficie dedicada a la conservaci\u00f3n de \u00e1reas protegidas (AP) en Am\u00e9rica Latina y el segundo en Suram\u00e9rica, actualmente el pa\u00eds cuenta con 49 AP, que representan el 19% del territorio nacional (4\u2019907.609,5 hect\u00e1reas).<\/p>\n<p style=\"text-align: justify;\">La extensi\u00f3n protegida corresponde al 1,8% de la superficie total de conservaci\u00f3n de Am\u00e9rica Latina y el Caribe; y representa en su conjunto uno de los sistemas de conservaci\u00f3n m\u00e1s biodiversos del planeta.<\/p>\n<p style=\"text-align: justify;\">Datos del Ministerio del Ambiente (MAE) se\u00f1alan que de estas 49 \u00e1reas, ocho (siete continentales y una insular) tienen un enfoque tur\u00edstico y reportan visitas en periodos mensuales y por feriados para su consolidaci\u00f3n nacional. En el periodo 2010-2013, las \u00c1reas Protegidas continentales reportaron 1&#8217;984.697 visitantes nacionales y extranjeros con enfoque tur\u00edstico.<\/p>\n<p style=\"text-align: justify;\">El gasto total en el Sistema Nacional de \u00c1reas Protegidas (SNAP) continental en el 2012 borde\u00f3 los USD 21,6 millones, equivalente al monto total gastado durante todo el per\u00edodo 2003-2010. Asimismo, durante 2011, 18 \u00e1reas protegidas fueron intervenidas en remodelaci\u00f3n y construcci\u00f3n de infraestructura con una inversi\u00f3n de USD 3\u2019515.862,55.<\/p>\n<p style=\"text-align: justify;\">Al 2013 est\u00e1n reguladas 135 operadoras de turismo a nivel nacional, actualmente las AP cuentan con 459 personas en campo, entre jefes de \u00e1rea, t\u00e9cnicos y guarda parques. En el periodo 2011 \u2013 2012 el personal de las \u00e1reas protegidas del SNAP se increment\u00f3 en un 15,25%<\/p>\n<p style=\"text-align: justify;\">La gratuidad del acceso a las \u00e1reas protegidas increment\u00f3 las visitas en un 38.87%, de 609.593 en 2011 a 997.148 en 2012. En el 2011 la entrada costaba 2 d\u00f3lares, sin embargo el 16 de Enero del 2012, el MAE estableci\u00f3 la gratuidad en las\u00a0 \u00e1reas del Patrimonio de \u00c1reas Naturales del Estado (PANE) del SNAP, excepto Gal\u00e1pagos.<\/p>\n<p style=\"text-align: justify;\">A nivel mundial se reconocen la existencia de aproximadamente 30.000 \u00e1reas protegidas que cubren una superficie aproximada de 13,2 millones de kil\u00f3metros cuadrados.<\/p>\n<p style=\"text-align: justify;\"><strong>Sistema Nacional de \u00c1reas Protegidas:<\/strong><\/p>\n<p style=\"text-align: justify;\">Parque Nacional Cajas<\/p>\n<p style=\"text-align: justify;\">Parque Nacional Cotopaxi<\/p>\n<p style=\"text-align: justify;\">Parque Nacional Gal\u00e1pagos<\/p>\n<p style=\"text-align: justify;\">Parque Nacional Llanganates<\/p>\n<p style=\"text-align: justify;\">Parque Nacional Machalilla<\/p>\n<p style=\"text-align: justify;\">Parque Nacional Podocarpus<\/p>\n<p style=\"text-align: justify;\">Parque Nacional Sangay<\/p>\n<p style=\"text-align: justify;\">Parque Nacional Sumaco<\/p>\n<p style=\"text-align: justify;\">Parque Nacional Yasun\u00ed<\/p>\n<p style=\"text-align: justify;\">Parque Nacional Yacuri<\/p>\n<p style=\"text-align: justify;\">Reserva Biol\u00f3gica Limoncocha<\/p>\n<p style=\"text-align: justify;\">Reserva Biol\u00f3gica Marina de Gal\u00e1pagos<\/p>\n<p style=\"text-align: justify;\">Reserva Ecol\u00f3gica Antisana<\/p>\n<p style=\"text-align: justify;\">Reserva Ecol\u00f3gica Arenillas<\/p>\n<p style=\"text-align: justify;\">Reserva Ecol\u00f3gica El Angel<\/p>\n<p style=\"text-align: justify;\">Parque Nacional Cayambe Coca<\/p>\n<p style=\"text-align: justify;\">Reserva Ecol\u00f3gica Cayapas Mataje<\/p>\n<p style=\"text-align: justify;\">Reserva Ecol\u00f3gica Cofan Bermejo<\/p>\n<p style=\"text-align: justify;\">Reserva Ecol\u00f3gica Cotacachi Cayapas<\/p>\n<p style=\"text-align: justify;\">Reserva Ecol\u00f3gica los Ilinizas<\/p>\n<p style=\"text-align: justify;\">Reserva Ecol\u00f3gica Mache Chindul<\/p>\n<p style=\"text-align: justify;\">Reserva Ecol\u00f3gica Manglares Churute<\/p>\n<p style=\"text-align: justify;\">Reserva Bot\u00e1nica Pululahua<\/p>\n<p style=\"text-align: justify;\">Reserva Faun\u00edstica Chimborazo<\/p>\n<p style=\"text-align: justify;\">Reserva Faun\u00edstica Cuyabeno<\/p>\n<p style=\"text-align: justify;\">Reserva de Producci\u00f3n de Fauna Manglares El Salado<\/p>\n<p style=\"text-align: justify;\">Reserva de Vida Silvestre Pasochoa<\/p>\n<p style=\"text-align: justify;\">Refugio de Vida Silvestre Manglares Estuario Rio Muisne<\/p>\n<p style=\"text-align: justify;\">Refugio de Vida Silvestre Isla Coraz\u00f3n y Fragatas<\/p>\n<p style=\"text-align: justify;\">Refugio de Vida Silvestre Isla Santa Clara<\/p>\n<p style=\"text-align: justify;\">Refugio de Vida Silvestre La Chiquita<\/p>\n<p style=\"text-align: justify;\">\u00c1rea Nacional de Recreaci\u00f3n El Boliche<\/p>\n<p style=\"text-align: justify;\">\u00c1rea Nacional de Recreaci\u00f3n Parque Lago<\/p>\n<p style=\"text-align: justify;\">Refugio de Vida Silvestre EL Zarza<\/p>\n<p style=\"text-align: justify;\">Reserva Biol\u00f3gica EL C\u00f3ndor<\/p>\n<p style=\"text-align: justify;\">Reserva Biol\u00f3gica El Quimi<\/p>\n<p style=\"text-align: justify;\">Refugio de Vida Silvestre Manglares El Morro<\/p>\n<p style=\"text-align: justify;\">Refugio de Vida Silvestre Manglares Estuario Rio Esmeraldas<\/p>\n<p style=\"text-align: justify;\">Refugio de Vida Silvestre Marino Costero Pacoche<\/p>\n<p style=\"text-align: justify;\">Reserva de Producci\u00f3n Faun\u00edstica Marino Costera Puntilla Santa Elena.<\/p>\n<p style=\"text-align: justify;\">Reserva Marino Galera San Francisco<\/p>\n<p style=\"text-align: justify;\">\u00c1rea Nacional de Recreaci\u00f3n Samanes<\/p>\n<p style=\"text-align: justify;\">\u00c1rea Nacional de Recreaci\u00f3n Isla Santay<\/p>\n<p style=\"text-align: justify;\">Refugio de Vida Silvestre El Pambilar<\/p>\n<p style=\"text-align: justify;\">Reserva Biol\u00f3gica Cerro Plateado<\/p>\n<p style=\"text-align: justify;\">\u00c1rea Nacional de Recreaci\u00f3n Playas de Villamil<\/p>\n<p style=\"text-align: justify;\">\u00c1rea Nacional de Recreaci\u00f3n Quimsacocha<\/p>\n<p style=\"text-align: justify;\">\u00c1rea Ecol\u00f3gica de Conservaci\u00f3n Municipal Siete Iglesias<\/p>\n<p style=\"text-align: justify;\">Reserva Marina EL Pelado<\/p>\n<p style=\"text-align: justify;\">\n<em><strong>*Tomado de ANDES (Agencia P\u00fablica de Noticias del Ecuador y Suram\u00e9rica) www.andes.info.ec\/\u200e<\/strong><\/em><\/p>\n","protected":false},"excerpt":{"rendered":"<p class=\"excerpt\">Ecuador es el s\u00e9ptimo pa\u00eds con mayor porcentaje de superficie dedicada a la conservaci\u00f3n de \u00e1reas protegidas (AP) en Am\u00e9rica Latina y el segundo en Suram\u00e9rica, actualmente el pa\u00eds cuenta con 49 AP, que representan el 19% del territorio nacional (4\u2019907.609,5 hect\u00e1reas). La extensi\u00f3n protegida corresponde al 1,8% de la superficie total de conservaci\u00f3n de Am\u00e9rica Latina y el Caribe;&hellip; <a href=\"https:\/\/www.ambienteyenergia.gob.ec\/ambiente\/ecuador-a-la-vanguardia-en-la-conservacion-de-areas-protegidas-en-suramerica\/\">Read more &rarr;<\/a><\/p>\n","protected":false},"author":13,"featured_media":15904,"comment_status":"open","ping_status":"open","sticky":false,"template":"","format":"standard","meta":{"footnotes":""},"categories":[16,4],"tags":[],"class_list":["post-15903","post","type-post","status-publish","format-standard","has-post-thumbnail","hentry","category-comunicamos","category-noticias","xfolkentry"],"_links":{"self":[{"href":"https:\/\/www.ambienteyenergia.gob.ec\/ambiente\/wp-json\/wp\/v2\/posts\/15903","targetHints":{"allow":["GET"]}}],"collection":[{"href":"https:\/\/www.ambienteyenergia.gob.ec\/ambiente\/wp-json\/wp\/v2\/posts"}],"about":[{"href":"https:\/\/www.ambienteyenergia.gob.ec\/ambiente\/wp-json\/wp\/v2\/types\/post"}],"author":[{"embeddable":true,"href":"https:\/\/www.ambienteyenergia.gob.ec\/ambiente\/wp-json\/wp\/v2\/users\/13"}],"replies":[{"embeddable":true,"href":"https:\/\/www.ambienteyenergia.gob.ec\/ambiente\/wp-json\/wp\/v2\/comments?post=15903"}],"version-history":[{"count":0,"href":"https:\/\/www.ambienteyenergia.gob.ec\/ambiente\/wp-json\/wp\/v2\/posts\/15903\/revisions"}],"wp:featuredmedia":[{"embeddable":true,"href":"https:\/\/www.ambienteyenergia.gob.ec\/ambiente\/wp-json\/wp\/v2\/media\/15904"}],"wp:attachment":[{"href":"https:\/\/www.ambienteyenergia.gob.ec\/ambiente\/wp-json\/wp\/v2\/media?parent=15903"}],"wp:term":[{"taxonomy":"category","embeddable":true,"href":"https:\/\/www.ambienteyenergia.gob.ec\/ambiente\/wp-json\/wp\/v2\/categories?post=15903"},{"taxonomy":"post_tag","embeddable":true,"href":"https:\/\/www.ambienteyenergia.gob.ec\/ambiente\/wp-json\/wp\/v2\/tags?post=15903"}],"curies":[{"name":"wp","href":"https:\/\/api.w.org\/{rel}","templated":true}]}}