{"id":15900,"date":"2013-10-09T11:11:20","date_gmt":"2013-10-09T16:11:20","guid":{"rendered":"http:\/\/www.ambiente.gob.ec\/?p=15900"},"modified":"2013-10-09T11:11:20","modified_gmt":"2013-10-09T16:11:20","slug":"sistema-nacional-de-areas-protegidas","status":"publish","type":"post","link":"https:\/\/www.ambienteyenergia.gob.ec\/ambiente\/sistema-nacional-de-areas-protegidas\/","title":{"rendered":"Sistema Nacional de \u00c1reas Protegidas"},"content":{"rendered":"<p style=\"text-align: justify;\">Ecuador tiene 19,1 millones de hect\u00e1reas de \u00c1reas Protegidas (AP). Es decir, aproximadamente, el 19% del territorio nacional corresponde a las 49 regiones que el Ministerio del Ambiente (MAE), a trav\u00e9s de la Subsecretar\u00eda de Patrimonio Natural, \u00a0custodia y preserva para garantizar la conservaci\u00f3n de la biodiversidad y el bienestar de los todos los seres vivos, ejerciendo rector\u00eda, regulando y asignando los recursos econ\u00f3micos necesarios, a partir de la aprobaci\u00f3n de la Constituci\u00f3n Pol\u00edtica de 2008.<\/p>\n<p style=\"text-align: justify;\">La calma y enigma de la selva, la imponencia silente del p\u00e1ramo, la fuerza y la intensidad del oc\u00e9ano, son solo algunas de las sensaciones que provoca y contagia el patrimonio ambiental y cultural del pa\u00eds del equinoccio, pues e<strong>l Sistema Nacional de \u00c1reas Protegidas (SNAP) est\u00e1 conformado por Parques Nacionales, Reservas Biol\u00f3gicas, \u00a0Ecol\u00f3gicas, Geobot\u00e1nicas, de Producci\u00f3n Faun\u00edstica, Marinas, Refugios de Vida Silvestre, y \u00c1reas de Recreaci\u00f3n distribuidas en todo el Ecuador.<\/strong><strong><\/strong><\/p>\n<p style=\"text-align: justify;\">Nuestro pa\u00eds es la tercera naci\u00f3n de la regi\u00f3n que m\u00e1s recursos invierte en la conservaci\u00f3n de sus AP. Solo en 2012, el gasto total del SNAP continental bordea los $21,6 millones. Un monto equivalente \u00a0al \u00a0total gastado durante todo el per\u00edodo 2003-2010.<\/p>\n<p style=\"text-align: justify;\">Asimismo, el MAE aplica un plan de mejoramiento de la infraestructura, a trav\u00e9s del Patrimonio de \u00c1reas Naturales del Estado (PANE). De 2011 a 2012, esta Cartera de Estado intervino en la remodelaci\u00f3n y construcci\u00f3n de los espacios de uso p\u00fablico en 18 AP, con una inversi\u00f3n de m\u00e1s de $3 millones. Ello, para optimizar el modelo de gesti\u00f3n tur\u00edstico para incentivar y crear actividades econ\u00f3micas que se desarrollen de la mano del componente social, de manera sostenible.<\/p>\n<p style=\"text-align: justify;\">Es as\u00ed que el nivel de visitaci\u00f3n tur\u00edstica se increment\u00f3 en 38, 7% durante este a\u00f1o, tomando en cuenta que desde 2012, por Decreto Presidencial, se declar\u00f3 la gratuidad al ingreso de las todas las \u00c1reas Protegidas.<\/p>\n<p style=\"text-align: justify;\">Adem\u00e1s, bajo el Convenio Marco de Cooperaci\u00f3n entre el MAE y la Fundaci\u00f3n Eco Fondo, se est\u00e1 desarrollando el programa \u201cAula Verde\u201d para la formaci\u00f3n de jefes de \u00e1rea y guardaparques; y, por compromiso presidencial acordado entre esta Secretar\u00eda y el Ministerio de Transporte y Obras P\u00fablicas, se coordinan acciones para la rehabilitaci\u00f3n y mejoramiento de las v\u00edas de acceso a 15 AP, con demanda tur\u00edstica.<\/p>\n<p style=\"text-align: justify;\">\n<p style=\"text-align: justify;\">\n<p style=\"text-align: justify;\">\n<p style=\"text-align: justify;\"><strong>\u00a0<\/strong><\/p>\n","protected":false},"excerpt":{"rendered":"<p class=\"excerpt\">Ecuador tiene 19,1 millones de hect\u00e1reas de \u00c1reas Protegidas (AP). Es decir, aproximadamente, el 19% del territorio nacional corresponde a las 49 regiones que el Ministerio del Ambiente (MAE), a trav\u00e9s de la Subsecretar\u00eda de Patrimonio Natural, \u00a0custodia y preserva para garantizar la conservaci\u00f3n de la biodiversidad y el bienestar de los todos los seres vivos, ejerciendo rector\u00eda, regulando y&hellip; <a href=\"https:\/\/www.ambienteyenergia.gob.ec\/ambiente\/sistema-nacional-de-areas-protegidas\/\">Read more &rarr;<\/a><\/p>\n","protected":false},"author":13,"featured_media":15901,"comment_status":"open","ping_status":"open","sticky":false,"template":"","format":"standard","meta":{"footnotes":""},"categories":[16,4],"tags":[],"class_list":["post-15900","post","type-post","status-publish","format-standard","has-post-thumbnail","hentry","category-comunicamos","category-noticias","xfolkentry"],"_links":{"self":[{"href":"https:\/\/www.ambienteyenergia.gob.ec\/ambiente\/wp-json\/wp\/v2\/posts\/15900","targetHints":{"allow":["GET"]}}],"collection":[{"href":"https:\/\/www.ambienteyenergia.gob.ec\/ambiente\/wp-json\/wp\/v2\/posts"}],"about":[{"href":"https:\/\/www.ambienteyenergia.gob.ec\/ambiente\/wp-json\/wp\/v2\/types\/post"}],"author":[{"embeddable":true,"href":"https:\/\/www.ambienteyenergia.gob.ec\/ambiente\/wp-json\/wp\/v2\/users\/13"}],"replies":[{"embeddable":true,"href":"https:\/\/www.ambienteyenergia.gob.ec\/ambiente\/wp-json\/wp\/v2\/comments?post=15900"}],"version-history":[{"count":0,"href":"https:\/\/www.ambienteyenergia.gob.ec\/ambiente\/wp-json\/wp\/v2\/posts\/15900\/revisions"}],"wp:featuredmedia":[{"embeddable":true,"href":"https:\/\/www.ambienteyenergia.gob.ec\/ambiente\/wp-json\/wp\/v2\/media\/15901"}],"wp:attachment":[{"href":"https:\/\/www.ambienteyenergia.gob.ec\/ambiente\/wp-json\/wp\/v2\/media?parent=15900"}],"wp:term":[{"taxonomy":"category","embeddable":true,"href":"https:\/\/www.ambienteyenergia.gob.ec\/ambiente\/wp-json\/wp\/v2\/categories?post=15900"},{"taxonomy":"post_tag","embeddable":true,"href":"https:\/\/www.ambienteyenergia.gob.ec\/ambiente\/wp-json\/wp\/v2\/tags?post=15900"}],"curies":[{"name":"wp","href":"https:\/\/api.w.org\/{rel}","templated":true}]}}