{"id":15877,"date":"2013-10-09T09:52:32","date_gmt":"2013-10-09T14:52:32","guid":{"rendered":"http:\/\/www.ambiente.gob.ec\/?p=15877"},"modified":"2013-10-09T10:38:06","modified_gmt":"2013-10-09T15:38:06","slug":"lanzamiento-del-proyecto-lenia-y-sistema-saia-en-imbabura","status":"publish","type":"post","link":"https:\/\/www.ambienteyenergia.gob.ec\/ambiente\/lanzamiento-del-proyecto-lenia-y-sistema-saia-en-imbabura\/","title":{"rendered":"MAE present\u00f3 proyecto LENIA y sistema SAIA en Imbabura"},"content":{"rendered":"<p style=\"text-align: justify;\">Ayer, el Ministerio de Ambiente (MAE), a trav\u00e9s de la Direcci\u00f3n Provincial de Imbabura,\u00a0 present\u00f3 los Lineamientos Estrat\u00e9gicos Nacionales de Investigaci\u00f3n Ambiental (LENIA) y Sistema de Art\u00edculos de Investigaci\u00f3n Ambiental (SAIA), en las instalaciones de la Pontificia Universidad Cat\u00f3lica del Ecuador, sede Ibarra.<\/p>\n<p style=\"text-align: justify;\">Segundo Fuentes, coordinador \u00a0de la Zona,\u00a0 la bienvenida al evento destacando la importancia de los procesos de investigaci\u00f3n para el mejoramiento de la realidad del pa\u00eds. Adem\u00e1s, recalc\u00f3 que esta Cartera de Estado est\u00e1 consciente de que las investigaciones ambientales son fundamentales para el desarrollo del Ecuador.<\/p>\n<p style=\"text-align: justify;\">Mar\u00eda Fernanda Lara, coordinadora del \u00e1rea de Investigaci\u00f3n Ambiental del MAE explic\u00f3 el funcionamiento de LENIA, que tienen como \u00a0objetivo el contribuir a la generaci\u00f3n, aplicaci\u00f3n y direccionamiento del conocimiento sobre aspectos ambientales, enfocados hacia el Buen Vivir.<\/p>\n<p style=\"text-align: justify;\">La presentaci\u00f3n del funcionamiento SAIA fue realizada por \u00a0Andrea Oliva. \u00c9sta es una aplicaci\u00f3n web amigable es parte del SUIA (Sistema \u00danico de Informaci\u00f3n Ambiental).<\/p>\n<p style=\"text-align: justify;\">En el evento estuvieron presentes delegados del MAGAP, Senplades Zona 1, Municipio de Urcuqui, Fundaci\u00f3n Cambug\u00e1n, PUCESI, GPI, Ministerio de Salud P\u00fablica, M\u00e9dicos del Mundo, UNIANDES y Universidad Polit\u00e9cnica Estatal del Carchi.<\/p>\n<div id='gallery-1' class='gallery galleryid-15877 gallery-columns-4 gallery-size-thumbnail'><dl class='gallery-item'>\n\t\t\t<dt class='gallery-icon landscape'>\n\t\t\t\t<a href='https:\/\/www.ambienteyenergia.gob.ec\/ambiente\/lanzamiento-del-proyecto-lenia-y-sistema-saia-en-imbabura\/img_2607\/'><img loading=\"lazy\" decoding=\"async\" width=\"150\" height=\"150\" src=\"https:\/\/www.ambienteyenergia.gob.ec\/ambiente\/wp-content\/uploads\/sites\/2\/2013\/10\/IMG_2607-150x150.jpg\" class=\"attachment-thumbnail size-thumbnail\" alt=\"\" \/><\/a>\n\t\t\t<\/dt><\/dl><dl class='gallery-item'>\n\t\t\t<dt class='gallery-icon landscape'>\n\t\t\t\t<a href='https:\/\/www.ambienteyenergia.gob.ec\/ambiente\/lanzamiento-del-proyecto-lenia-y-sistema-saia-en-imbabura\/img_2693\/'><img loading=\"lazy\" decoding=\"async\" width=\"150\" height=\"150\" src=\"https:\/\/www.ambienteyenergia.gob.ec\/ambiente\/wp-content\/uploads\/sites\/2\/2013\/10\/IMG_2693-150x150.jpg\" class=\"attachment-thumbnail size-thumbnail\" alt=\"\" \/><\/a>\n\t\t\t<\/dt><\/dl><dl class='gallery-item'>\n\t\t\t<dt class='gallery-icon landscape'>\n\t\t\t\t<a href='https:\/\/www.ambienteyenergia.gob.ec\/ambiente\/lanzamiento-del-proyecto-lenia-y-sistema-saia-en-imbabura\/img_2696\/'><img loading=\"lazy\" decoding=\"async\" width=\"150\" height=\"150\" src=\"https:\/\/www.ambienteyenergia.gob.ec\/ambiente\/wp-content\/uploads\/sites\/2\/2013\/10\/IMG_2696-150x150.jpg\" class=\"attachment-thumbnail size-thumbnail\" alt=\"\" \/><\/a>\n\t\t\t<\/dt><\/dl><dl class='gallery-item'>\n\t\t\t<dt class='gallery-icon landscape'>\n\t\t\t\t<a href='https:\/\/www.ambienteyenergia.gob.ec\/ambiente\/lanzamiento-del-proyecto-lenia-y-sistema-saia-en-imbabura\/img_2700\/'><img loading=\"lazy\" decoding=\"async\" width=\"150\" height=\"150\" src=\"https:\/\/www.ambienteyenergia.gob.ec\/ambiente\/wp-content\/uploads\/sites\/2\/2013\/10\/IMG_2700-150x150.jpg\" class=\"attachment-thumbnail size-thumbnail\" alt=\"\" \/><\/a>\n\t\t\t<\/dt><\/dl><br style=\"clear: both\" \/>\n\t\t<\/div>\n\n<p style=\"text-align: justify;\">\n","protected":false},"excerpt":{"rendered":"<p class=\"excerpt\">Ayer, el Ministerio de Ambiente (MAE), a trav\u00e9s de la Direcci\u00f3n Provincial de Imbabura,\u00a0 present\u00f3 los Lineamientos Estrat\u00e9gicos Nacionales de Investigaci\u00f3n Ambiental (LENIA) y Sistema de Art\u00edculos de Investigaci\u00f3n Ambiental (SAIA), en las instalaciones de la Pontificia Universidad Cat\u00f3lica del Ecuador, sede Ibarra. Segundo Fuentes, coordinador \u00a0de la Zona,\u00a0 la bienvenida al evento destacando la importancia de los procesos de&hellip; <a href=\"https:\/\/www.ambienteyenergia.gob.ec\/ambiente\/lanzamiento-del-proyecto-lenia-y-sistema-saia-en-imbabura\/\">Read more &rarr;<\/a><\/p>\n","protected":false},"author":13,"featured_media":15878,"comment_status":"open","ping_status":"open","sticky":false,"template":"","format":"standard","meta":{"footnotes":""},"categories":[16,4],"tags":[],"class_list":["post-15877","post","type-post","status-publish","format-standard","has-post-thumbnail","hentry","category-comunicamos","category-noticias","xfolkentry"],"_links":{"self":[{"href":"https:\/\/www.ambienteyenergia.gob.ec\/ambiente\/wp-json\/wp\/v2\/posts\/15877","targetHints":{"allow":["GET"]}}],"collection":[{"href":"https:\/\/www.ambienteyenergia.gob.ec\/ambiente\/wp-json\/wp\/v2\/posts"}],"about":[{"href":"https:\/\/www.ambienteyenergia.gob.ec\/ambiente\/wp-json\/wp\/v2\/types\/post"}],"author":[{"embeddable":true,"href":"https:\/\/www.ambienteyenergia.gob.ec\/ambiente\/wp-json\/wp\/v2\/users\/13"}],"replies":[{"embeddable":true,"href":"https:\/\/www.ambienteyenergia.gob.ec\/ambiente\/wp-json\/wp\/v2\/comments?post=15877"}],"version-history":[{"count":0,"href":"https:\/\/www.ambienteyenergia.gob.ec\/ambiente\/wp-json\/wp\/v2\/posts\/15877\/revisions"}],"wp:featuredmedia":[{"embeddable":true,"href":"https:\/\/www.ambienteyenergia.gob.ec\/ambiente\/wp-json\/wp\/v2\/media\/15878"}],"wp:attachment":[{"href":"https:\/\/www.ambienteyenergia.gob.ec\/ambiente\/wp-json\/wp\/v2\/media?parent=15877"}],"wp:term":[{"taxonomy":"category","embeddable":true,"href":"https:\/\/www.ambienteyenergia.gob.ec\/ambiente\/wp-json\/wp\/v2\/categories?post=15877"},{"taxonomy":"post_tag","embeddable":true,"href":"https:\/\/www.ambienteyenergia.gob.ec\/ambiente\/wp-json\/wp\/v2\/tags?post=15877"}],"curies":[{"name":"wp","href":"https:\/\/api.w.org\/{rel}","templated":true}]}}