{"id":15864,"date":"2013-10-08T19:24:35","date_gmt":"2013-10-09T00:24:35","guid":{"rendered":"http:\/\/www.ambiente.gob.ec\/?p=15864"},"modified":"2013-10-08T19:39:23","modified_gmt":"2013-10-09T00:39:23","slug":"mae-verifica-movilizacion-de-madera-en-cinco-puntos-de-control-en-carreteras","status":"publish","type":"post","link":"https:\/\/www.ambienteyenergia.gob.ec\/ambiente\/mae-verifica-movilizacion-de-madera-en-cinco-puntos-de-control-en-carreteras\/","title":{"rendered":"MAE verifica movilizaci\u00f3n de madera en cinco puntos de control en carreteras"},"content":{"rendered":"<p style=\"text-align: justify;\">El Ministerio del Ambiente (MAE), en coordinaci\u00f3n con el Comando Naval de Operaciones Norte (Coopno), verifica la movilizaci\u00f3n de madera en cinco puntos de control ubicados en las carreteras de Quinind\u00e9, Muisne, R\u00edo Verde, Eloy Alfaro y San Lorenzo.<\/p>\n<p style=\"text-align: justify;\">Los puntos fijos de inspecci\u00f3n se encuentran en Las Golondrinas, La Marujita, La Y del Salto, San Mateo y Alto Tambo. Los t\u00e9cnicos del MAE con el apoyo de la fuerza p\u00fablica, verifican si la madera que se est\u00e1 transportando es legal o ilegal, mediante la revisi\u00f3n de las gu\u00edas de movilizaci\u00f3n.<\/p>\n<p style=\"text-align: justify;\">Desde la vigencia del Estado de Excepci\u00f3n forestal, mediante decreto presidencial No. 116, se ha logrado detener 12 automotores con madera para la autentificaci\u00f3n de los respectivos permisos.<\/p>\n<p style=\"text-align: justify;\">Esta informaci\u00f3n se verifica con los sobrevuelos a\u00e9reos y la informaci\u00f3n que se recibe a diario en los tres puestos de mando, detall\u00f3. El Ministerio del Ambiente impulsa tambi\u00e9n la campa\u00f1a \u00abEcuador verde \u00a1Denunciemos la tala ilegal e indiscriminada!\u00bb, en defensa de la preservaci\u00f3n del bosque de las ocho \u00e1reas en peligro por la deforestaci\u00f3n.<\/p>\n","protected":false},"excerpt":{"rendered":"<p class=\"excerpt\">El Ministerio del Ambiente (MAE), en coordinaci\u00f3n con el Comando Naval de Operaciones Norte (Coopno), verifica la movilizaci\u00f3n de madera en cinco puntos de control ubicados en las carreteras de Quinind\u00e9, Muisne, R\u00edo Verde, Eloy Alfaro y San Lorenzo. Los puntos fijos de inspecci\u00f3n se encuentran en Las Golondrinas, La Marujita, La Y del Salto, San Mateo y Alto Tambo.&hellip; <a href=\"https:\/\/www.ambienteyenergia.gob.ec\/ambiente\/mae-verifica-movilizacion-de-madera-en-cinco-puntos-de-control-en-carreteras\/\">Read more &rarr;<\/a><\/p>\n","protected":false},"author":13,"featured_media":15865,"comment_status":"open","ping_status":"open","sticky":false,"template":"","format":"standard","meta":{"footnotes":""},"categories":[16,4],"tags":[],"class_list":["post-15864","post","type-post","status-publish","format-standard","has-post-thumbnail","hentry","category-comunicamos","category-noticias","xfolkentry"],"_links":{"self":[{"href":"https:\/\/www.ambienteyenergia.gob.ec\/ambiente\/wp-json\/wp\/v2\/posts\/15864","targetHints":{"allow":["GET"]}}],"collection":[{"href":"https:\/\/www.ambienteyenergia.gob.ec\/ambiente\/wp-json\/wp\/v2\/posts"}],"about":[{"href":"https:\/\/www.ambienteyenergia.gob.ec\/ambiente\/wp-json\/wp\/v2\/types\/post"}],"author":[{"embeddable":true,"href":"https:\/\/www.ambienteyenergia.gob.ec\/ambiente\/wp-json\/wp\/v2\/users\/13"}],"replies":[{"embeddable":true,"href":"https:\/\/www.ambienteyenergia.gob.ec\/ambiente\/wp-json\/wp\/v2\/comments?post=15864"}],"version-history":[{"count":0,"href":"https:\/\/www.ambienteyenergia.gob.ec\/ambiente\/wp-json\/wp\/v2\/posts\/15864\/revisions"}],"wp:featuredmedia":[{"embeddable":true,"href":"https:\/\/www.ambienteyenergia.gob.ec\/ambiente\/wp-json\/wp\/v2\/media\/15865"}],"wp:attachment":[{"href":"https:\/\/www.ambienteyenergia.gob.ec\/ambiente\/wp-json\/wp\/v2\/media?parent=15864"}],"wp:term":[{"taxonomy":"category","embeddable":true,"href":"https:\/\/www.ambienteyenergia.gob.ec\/ambiente\/wp-json\/wp\/v2\/categories?post=15864"},{"taxonomy":"post_tag","embeddable":true,"href":"https:\/\/www.ambienteyenergia.gob.ec\/ambiente\/wp-json\/wp\/v2\/tags?post=15864"}],"curies":[{"name":"wp","href":"https:\/\/api.w.org\/{rel}","templated":true}]}}