{"id":15851,"date":"2013-10-08T16:30:18","date_gmt":"2013-10-08T21:30:18","guid":{"rendered":"http:\/\/www.ambiente.gob.ec\/?p=15851"},"modified":"2013-10-08T16:32:44","modified_gmt":"2013-10-08T21:32:44","slug":"limpieza-de-fondos-marinos-mejoran-el-habitat-de-especies-submarinas","status":"publish","type":"post","link":"https:\/\/www.ambienteyenergia.gob.ec\/ambiente\/limpieza-de-fondos-marinos-mejoran-el-habitat-de-especies-submarinas\/","title":{"rendered":"Limpieza de fondos marinos mejoran el h\u00e1bitat de especies submarinas"},"content":{"rendered":"<p style=\"text-align: justify;\">Aportando a la descontaminaci\u00f3n de los fondos marinos, la Subsecretar\u00eda de Gesti\u00f3n Marina y Costera (SGMC) del Ministerio del Ambiente (MAE) realiz\u00f3 la recolecci\u00f3n de desechos alojados en las profundidades marinas.<\/p>\n<p style=\"text-align: justify;\">Las tareas de limpieza se realizaron en la Reserva de Producci\u00f3n Faun\u00edstica Marino Costera Puntilla de Santa Elena (Remacopse), provincia de Santa Elena; y en el bajo Cantagallo, localizado en el \u00e1rea de influencia del Parque Nacional Machalilla, en Manab\u00ed.<\/p>\n<p style=\"text-align: justify;\">En los bajos de la Remacopse se extrajeron restos de pl\u00e1sticos como cucharas y tarrinas, nylon de artes de pesca, alcanzando los 8 kilos de basura retirada, mejorando el h\u00e1bitat de las especies que ah\u00ed viven y se reproducen.<\/p>\n<p style=\"text-align: justify;\">Mientras que en Cantagallo se extrajeron 30 kilos de desechos, en donde primaron los pa\u00f1os y redes chinchorreras. Este trabajo se realiz\u00f3 en coordinaci\u00f3n con personal de la Secretar\u00eda del Mar, Subsecretar\u00eda de Recursos Pesqueros y del Parque y del Parque Nacional Machalilla.<\/p>\n<p style=\"text-align: justify;\">Durante estas actividades, se logr\u00f3 liberar peque\u00f1as especies enredadas en los desechos, otorg\u00e1ndoles la posibilidad de continuar con su ciclo de vida en las profundidades del mar.<\/p>\n<p style=\"text-align: justify;\">Estas acciones continuar\u00e1n hasta noviembre pr\u00f3ximo, bajo la consigna de proteger y conservar el mar del cual nos servimos en actividades como movilizaci\u00f3n, turismo y la extracci\u00f3n de recursos naturales que son parte de la econom\u00eda del pa\u00eds y el alimento de la humanidad.<\/p>\n<div id='gallery-1' class='gallery galleryid-15851 gallery-columns-4 gallery-size-thumbnail'><dl class='gallery-item'>\n\t\t\t<dt class='gallery-icon portrait'>\n\t\t\t\t<a href='https:\/\/www.ambienteyenergia.gob.ec\/ambiente\/limpieza-de-fondos-marinos-mejoran-el-habitat-de-especies-submarinas\/pict0025\/'><img loading=\"lazy\" decoding=\"async\" width=\"150\" height=\"150\" src=\"https:\/\/www.ambienteyenergia.gob.ec\/ambiente\/wp-content\/uploads\/sites\/2\/2013\/10\/PICT0025-150x150.jpg\" class=\"attachment-thumbnail size-thumbnail\" alt=\"\" \/><\/a>\n\t\t\t<\/dt><\/dl><dl class='gallery-item'>\n\t\t\t<dt class='gallery-icon landscape'>\n\t\t\t\t<a href='https:\/\/www.ambienteyenergia.gob.ec\/ambiente\/limpieza-de-fondos-marinos-mejoran-el-habitat-de-especies-submarinas\/pict0038\/'><img loading=\"lazy\" decoding=\"async\" width=\"150\" height=\"150\" src=\"https:\/\/www.ambienteyenergia.gob.ec\/ambiente\/wp-content\/uploads\/sites\/2\/2013\/10\/PICT0038-150x150.jpg\" class=\"attachment-thumbnail size-thumbnail\" alt=\"\" \/><\/a>\n\t\t\t<\/dt><\/dl><dl class='gallery-item'>\n\t\t\t<dt class='gallery-icon landscape'>\n\t\t\t\t<a href='https:\/\/www.ambienteyenergia.gob.ec\/ambiente\/limpieza-de-fondos-marinos-mejoran-el-habitat-de-especies-submarinas\/pict0039\/'><img loading=\"lazy\" decoding=\"async\" width=\"150\" height=\"150\" src=\"https:\/\/www.ambienteyenergia.gob.ec\/ambiente\/wp-content\/uploads\/sites\/2\/2013\/10\/PICT0039-150x150.jpg\" class=\"attachment-thumbnail size-thumbnail\" alt=\"\" \/><\/a>\n\t\t\t<\/dt><\/dl><dl class='gallery-item'>\n\t\t\t<dt class='gallery-icon portrait'>\n\t\t\t\t<a href='https:\/\/www.ambienteyenergia.gob.ec\/ambiente\/limpieza-de-fondos-marinos-mejoran-el-habitat-de-especies-submarinas\/pict0085\/'><img loading=\"lazy\" decoding=\"async\" width=\"150\" height=\"150\" src=\"https:\/\/www.ambienteyenergia.gob.ec\/ambiente\/wp-content\/uploads\/sites\/2\/2013\/10\/PICT0085-150x150.jpg\" class=\"attachment-thumbnail size-thumbnail\" alt=\"\" \/><\/a>\n\t\t\t<\/dt><\/dl><br style=\"clear: both\" \/>\n\t\t<\/div>\n\n","protected":false},"excerpt":{"rendered":"<p class=\"excerpt\">Aportando a la descontaminaci\u00f3n de los fondos marinos, la Subsecretar\u00eda de Gesti\u00f3n Marina y Costera (SGMC) del Ministerio del Ambiente (MAE) realiz\u00f3 la recolecci\u00f3n de desechos alojados en las profundidades marinas. Las tareas de limpieza se realizaron en la Reserva de Producci\u00f3n Faun\u00edstica Marino Costera Puntilla de Santa Elena (Remacopse), provincia de Santa Elena; y en el bajo Cantagallo, localizado&hellip; <a href=\"https:\/\/www.ambienteyenergia.gob.ec\/ambiente\/limpieza-de-fondos-marinos-mejoran-el-habitat-de-especies-submarinas\/\">Read more &rarr;<\/a><\/p>\n","protected":false},"author":13,"featured_media":15854,"comment_status":"open","ping_status":"open","sticky":false,"template":"","format":"standard","meta":{"footnotes":""},"categories":[16,4],"tags":[],"class_list":["post-15851","post","type-post","status-publish","format-standard","has-post-thumbnail","hentry","category-comunicamos","category-noticias","xfolkentry"],"_links":{"self":[{"href":"https:\/\/www.ambienteyenergia.gob.ec\/ambiente\/wp-json\/wp\/v2\/posts\/15851","targetHints":{"allow":["GET"]}}],"collection":[{"href":"https:\/\/www.ambienteyenergia.gob.ec\/ambiente\/wp-json\/wp\/v2\/posts"}],"about":[{"href":"https:\/\/www.ambienteyenergia.gob.ec\/ambiente\/wp-json\/wp\/v2\/types\/post"}],"author":[{"embeddable":true,"href":"https:\/\/www.ambienteyenergia.gob.ec\/ambiente\/wp-json\/wp\/v2\/users\/13"}],"replies":[{"embeddable":true,"href":"https:\/\/www.ambienteyenergia.gob.ec\/ambiente\/wp-json\/wp\/v2\/comments?post=15851"}],"version-history":[{"count":0,"href":"https:\/\/www.ambienteyenergia.gob.ec\/ambiente\/wp-json\/wp\/v2\/posts\/15851\/revisions"}],"wp:featuredmedia":[{"embeddable":true,"href":"https:\/\/www.ambienteyenergia.gob.ec\/ambiente\/wp-json\/wp\/v2\/media\/15854"}],"wp:attachment":[{"href":"https:\/\/www.ambienteyenergia.gob.ec\/ambiente\/wp-json\/wp\/v2\/media?parent=15851"}],"wp:term":[{"taxonomy":"category","embeddable":true,"href":"https:\/\/www.ambienteyenergia.gob.ec\/ambiente\/wp-json\/wp\/v2\/categories?post=15851"},{"taxonomy":"post_tag","embeddable":true,"href":"https:\/\/www.ambienteyenergia.gob.ec\/ambiente\/wp-json\/wp\/v2\/tags?post=15851"}],"curies":[{"name":"wp","href":"https:\/\/api.w.org\/{rel}","templated":true}]}}