{"id":15847,"date":"2013-10-08T15:26:28","date_gmt":"2013-10-08T20:26:28","guid":{"rendered":"http:\/\/www.ambiente.gob.ec\/?p=15847"},"modified":"2013-10-08T15:26:28","modified_gmt":"2013-10-08T20:26:28","slug":"mae-rescato-a-cria-de-venado-en-loja","status":"publish","type":"post","link":"https:\/\/www.ambienteyenergia.gob.ec\/ambiente\/mae-rescato-a-cria-de-venado-en-loja\/","title":{"rendered":"MAE rescat\u00f3 a cr\u00eda de venado  en Loja"},"content":{"rendered":"<p style=\"text-align: justify;\">Un peque\u00f1o venado de cola blanca (Odocoileus virginianus) fue rescatado en el sector Lalamor del cant\u00f3n Zapotillo, en un operativo conjunto entre t\u00e9cnicos de Vida Silvestre de la Direcci\u00f3n Provincial de Loja del Ministerio del Ambiente (MAE) y personal de la Unidad de Medio Ambiente (UPMA) de la Polic\u00eda Nacional.<\/p>\n<p style=\"text-align: justify;\">La denuncia fue realizada un agricultor de la Hacienda Lalamor, quien, mientras operaba maquinaria, encontr\u00f3 al venado movi\u00e9ndose entre los matorrales. \u00a0Se trataba de un ejemplar de pocos d\u00edas de nacido que no pod\u00eda caminar. De inmediato, \u00a0lo levant\u00f3 para evitar que sea cazado por los perros que transitan por el lugar.<\/p>\n<p style=\"text-align: justify;\">Luego de ello, dio aviso al personal de la Oficina T\u00e9cnica de Zapotillo del MAE. El equipo traslad\u00f3 al esp\u00e9cimen hasta la ciudad de Loja para que sea revisado, hasta que pueda ser de reinsertado a su h\u00e1bitat natural.<\/p>\n<p style=\"text-align: justify;\"><a href=\"http:\/\/www.ambienteyenergia.gob.ec\/ambiente\/wp-content\/uploads\/2013\/10\/DSC09768.jpg\"><img loading=\"lazy\" decoding=\"async\" class=\"aligncenter size-full wp-image-15848\" title=\"MAE rescat\u00f3 a cr\u00eda de venado  en Loja\" src=\"http:\/\/www.ambienteyenergia.gob.ec\/ambiente\/wp-content\/uploads\/2013\/10\/DSC09768.jpg\" alt=\"\" width=\"650\" height=\"488\" srcset=\"https:\/\/www.ambienteyenergia.gob.ec\/ambiente\/wp-content\/uploads\/sites\/2\/2013\/10\/DSC09768.jpg 650w, https:\/\/www.ambienteyenergia.gob.ec\/ambiente\/wp-content\/uploads\/sites\/2\/2013\/10\/DSC09768-300x225.jpg 300w, https:\/\/www.ambienteyenergia.gob.ec\/ambiente\/wp-content\/uploads\/sites\/2\/2013\/10\/DSC09768-399x300.jpg 399w\" sizes=\"auto, (max-width: 650px) 100vw, 650px\" \/><\/a><\/p>\n","protected":false},"excerpt":{"rendered":"<p class=\"excerpt\">Un peque\u00f1o venado de cola blanca (Odocoileus virginianus) fue rescatado en el sector Lalamor del cant\u00f3n Zapotillo, en un operativo conjunto entre t\u00e9cnicos de Vida Silvestre de la Direcci\u00f3n Provincial de Loja del Ministerio del Ambiente (MAE) y personal de la Unidad de Medio Ambiente (UPMA) de la Polic\u00eda Nacional. La denuncia fue realizada un agricultor de la Hacienda Lalamor,&hellip; <a href=\"https:\/\/www.ambienteyenergia.gob.ec\/ambiente\/mae-rescato-a-cria-de-venado-en-loja\/\">Read more &rarr;<\/a><\/p>\n","protected":false},"author":13,"featured_media":15849,"comment_status":"open","ping_status":"open","sticky":false,"template":"","format":"standard","meta":{"footnotes":""},"categories":[16,4],"tags":[],"class_list":["post-15847","post","type-post","status-publish","format-standard","has-post-thumbnail","hentry","category-comunicamos","category-noticias","xfolkentry"],"_links":{"self":[{"href":"https:\/\/www.ambienteyenergia.gob.ec\/ambiente\/wp-json\/wp\/v2\/posts\/15847","targetHints":{"allow":["GET"]}}],"collection":[{"href":"https:\/\/www.ambienteyenergia.gob.ec\/ambiente\/wp-json\/wp\/v2\/posts"}],"about":[{"href":"https:\/\/www.ambienteyenergia.gob.ec\/ambiente\/wp-json\/wp\/v2\/types\/post"}],"author":[{"embeddable":true,"href":"https:\/\/www.ambienteyenergia.gob.ec\/ambiente\/wp-json\/wp\/v2\/users\/13"}],"replies":[{"embeddable":true,"href":"https:\/\/www.ambienteyenergia.gob.ec\/ambiente\/wp-json\/wp\/v2\/comments?post=15847"}],"version-history":[{"count":0,"href":"https:\/\/www.ambienteyenergia.gob.ec\/ambiente\/wp-json\/wp\/v2\/posts\/15847\/revisions"}],"wp:featuredmedia":[{"embeddable":true,"href":"https:\/\/www.ambienteyenergia.gob.ec\/ambiente\/wp-json\/wp\/v2\/media\/15849"}],"wp:attachment":[{"href":"https:\/\/www.ambienteyenergia.gob.ec\/ambiente\/wp-json\/wp\/v2\/media?parent=15847"}],"wp:term":[{"taxonomy":"category","embeddable":true,"href":"https:\/\/www.ambienteyenergia.gob.ec\/ambiente\/wp-json\/wp\/v2\/categories?post=15847"},{"taxonomy":"post_tag","embeddable":true,"href":"https:\/\/www.ambienteyenergia.gob.ec\/ambiente\/wp-json\/wp\/v2\/tags?post=15847"}],"curies":[{"name":"wp","href":"https:\/\/api.w.org\/{rel}","templated":true}]}}