{"id":15839,"date":"2013-10-08T15:00:49","date_gmt":"2013-10-08T20:00:49","guid":{"rendered":"http:\/\/www.ambiente.gob.ec\/?p=15839"},"modified":"2013-10-08T15:00:49","modified_gmt":"2013-10-08T20:00:49","slug":"mae-controlo-incendio-forestal-en-chimborazo","status":"publish","type":"post","link":"https:\/\/www.ambienteyenergia.gob.ec\/ambiente\/mae-controlo-incendio-forestal-en-chimborazo\/","title":{"rendered":"MAE control\u00f3 incendio forestal en Chimborazo"},"content":{"rendered":"<p style=\"text-align: justify;\">Ayer,\u00a0 en horas de la noche, funcionarios del Ministerio del Ambiente (MAE), Parque Nacional Sangay, apag\u00f3 un incendio producido en los p\u00e1ramos del sector de Guali\u00f1ag en la parroquia Cebadas, cant\u00f3n Guamote, a las 15:00 aproximadamente.<\/p>\n<p style=\"text-align: justify;\">Los guardaparques realizaban actividades de vigilancia del \u00c1rea Protegida, cuando evidenciaron el flagelo. De manera inmediata, emprendieron acciones de control. Abrieron l\u00edneas corta fuego perimetrales de dos metros entre el pajonal (Stipa ichu) para aplacar las llamas.<\/p>\n<p style=\"text-align: justify;\">Asimismo, recataron a un venado (Odoeoileus virginianus) que fue encontrado con fracturas en el f\u00e9mur. El animal fue trasladado inmediatamente a la cl\u00ednica San Agust\u00edn-Planeta Vivo, en la provincia de Cotopaxi, para que recibe atenci\u00f3n m\u00e9dica.<\/p>\n<p style=\"text-align: justify;\">El incendio que afect\u00f3 alrededor de 80 hect\u00e1reas de pajonal fue controlado a las 19:00. Cabe indicar que el flagelo no afect\u00f3 zonas del \u00c1rea Protegida.<\/p>\n<p style=\"text-align: justify;\"><a href=\"http:\/\/www.ambienteyenergia.gob.ec\/ambiente\/wp-content\/uploads\/2013\/10\/10.jpg\"><img loading=\"lazy\" decoding=\"async\" class=\"aligncenter size-full wp-image-15841\" title=\"MAE control\u00f3 incendio forestal en Chimborazo\" src=\"http:\/\/www.ambienteyenergia.gob.ec\/ambiente\/wp-content\/uploads\/2013\/10\/10.jpg\" alt=\"\" width=\"650\" height=\"488\" srcset=\"https:\/\/www.ambienteyenergia.gob.ec\/ambiente\/wp-content\/uploads\/sites\/2\/2013\/10\/10.jpg 650w, https:\/\/www.ambienteyenergia.gob.ec\/ambiente\/wp-content\/uploads\/sites\/2\/2013\/10\/10-300x225.jpg 300w, https:\/\/www.ambienteyenergia.gob.ec\/ambiente\/wp-content\/uploads\/sites\/2\/2013\/10\/10-399x300.jpg 399w\" sizes=\"auto, (max-width: 650px) 100vw, 650px\" \/><\/a><a href=\"http:\/\/www.ambienteyenergia.gob.ec\/ambiente\/wp-content\/uploads\/2013\/10\/13.jpg\"><img loading=\"lazy\" decoding=\"async\" class=\"aligncenter size-full wp-image-15840\" title=\"MAE control\u00f3 incendio forestal en Chimborazo\" src=\"http:\/\/www.ambienteyenergia.gob.ec\/ambiente\/wp-content\/uploads\/2013\/10\/13.jpg\" alt=\"\" width=\"650\" height=\"488\" srcset=\"https:\/\/www.ambienteyenergia.gob.ec\/ambiente\/wp-content\/uploads\/sites\/2\/2013\/10\/13.jpg 650w, https:\/\/www.ambienteyenergia.gob.ec\/ambiente\/wp-content\/uploads\/sites\/2\/2013\/10\/13-300x225.jpg 300w, https:\/\/www.ambienteyenergia.gob.ec\/ambiente\/wp-content\/uploads\/sites\/2\/2013\/10\/13-399x300.jpg 399w\" sizes=\"auto, (max-width: 650px) 100vw, 650px\" \/><\/a><\/p>\n","protected":false},"excerpt":{"rendered":"<p class=\"excerpt\">Ayer,\u00a0 en horas de la noche, funcionarios del Ministerio del Ambiente (MAE), Parque Nacional Sangay, apag\u00f3 un incendio producido en los p\u00e1ramos del sector de Guali\u00f1ag en la parroquia Cebadas, cant\u00f3n Guamote, a las 15:00 aproximadamente. Los guardaparques realizaban actividades de vigilancia del \u00c1rea Protegida, cuando evidenciaron el flagelo. De manera inmediata, emprendieron acciones de control. Abrieron l\u00edneas corta fuego&hellip; <a href=\"https:\/\/www.ambienteyenergia.gob.ec\/ambiente\/mae-controlo-incendio-forestal-en-chimborazo\/\">Read more &rarr;<\/a><\/p>\n","protected":false},"author":13,"featured_media":15842,"comment_status":"open","ping_status":"open","sticky":false,"template":"","format":"standard","meta":{"footnotes":""},"categories":[16,4],"tags":[],"class_list":["post-15839","post","type-post","status-publish","format-standard","has-post-thumbnail","hentry","category-comunicamos","category-noticias","xfolkentry"],"_links":{"self":[{"href":"https:\/\/www.ambienteyenergia.gob.ec\/ambiente\/wp-json\/wp\/v2\/posts\/15839","targetHints":{"allow":["GET"]}}],"collection":[{"href":"https:\/\/www.ambienteyenergia.gob.ec\/ambiente\/wp-json\/wp\/v2\/posts"}],"about":[{"href":"https:\/\/www.ambienteyenergia.gob.ec\/ambiente\/wp-json\/wp\/v2\/types\/post"}],"author":[{"embeddable":true,"href":"https:\/\/www.ambienteyenergia.gob.ec\/ambiente\/wp-json\/wp\/v2\/users\/13"}],"replies":[{"embeddable":true,"href":"https:\/\/www.ambienteyenergia.gob.ec\/ambiente\/wp-json\/wp\/v2\/comments?post=15839"}],"version-history":[{"count":0,"href":"https:\/\/www.ambienteyenergia.gob.ec\/ambiente\/wp-json\/wp\/v2\/posts\/15839\/revisions"}],"wp:featuredmedia":[{"embeddable":true,"href":"https:\/\/www.ambienteyenergia.gob.ec\/ambiente\/wp-json\/wp\/v2\/media\/15842"}],"wp:attachment":[{"href":"https:\/\/www.ambienteyenergia.gob.ec\/ambiente\/wp-json\/wp\/v2\/media?parent=15839"}],"wp:term":[{"taxonomy":"category","embeddable":true,"href":"https:\/\/www.ambienteyenergia.gob.ec\/ambiente\/wp-json\/wp\/v2\/categories?post=15839"},{"taxonomy":"post_tag","embeddable":true,"href":"https:\/\/www.ambienteyenergia.gob.ec\/ambiente\/wp-json\/wp\/v2\/tags?post=15839"}],"curies":[{"name":"wp","href":"https:\/\/api.w.org\/{rel}","templated":true}]}}