{"id":15832,"date":"2013-10-08T10:42:56","date_gmt":"2013-10-08T15:42:56","guid":{"rendered":"http:\/\/www.ambiente.gob.ec\/?p=15832"},"modified":"2013-10-08T10:42:56","modified_gmt":"2013-10-08T15:42:56","slug":"mae-fomenta-la-proteccion-de-paramos-en-chimborazo","status":"publish","type":"post","link":"https:\/\/www.ambienteyenergia.gob.ec\/ambiente\/mae-fomenta-la-proteccion-de-paramos-en-chimborazo\/","title":{"rendered":"MAE fomenta la protecci\u00f3n de p\u00e1ramos en Chimborazo."},"content":{"rendered":"<p style=\"text-align: justify;\">Con el objetivo de incentivar y dar a conocer la importancia del manejo y cuidado del ecosistema p\u00e1ramo, t\u00e9cnicos de la Direcci\u00f3n Provincial del Ambiente de Chimborazo capacitaron a 86 integrantes de la Junta de Regantes de la Cuenca Chambo \u2013 Guano, \u201cJURECH\u201d, durante la semana del 30 de septiembre al 03 de octubre.<\/p>\n<p style=\"text-align: justify;\">Los beneficiarios, pertenecientes a las comunidades y sectores de Licto, Tulabug, Cebadas, Atillo, Tunshi, San Luis, Guano, Yaruquies, conocieron la realidad que atraviesan los p\u00e1ramos y los impactos generados por las actividades agr\u00edcolas y el pastoreo. Entre ellas, los riegos ocasionados por la quema de p\u00e1ramos.<\/p>\n<p style=\"text-align: justify;\">Con esto estuvo de acuerdo Germ\u00e1n Guadalupe, uno de los dirigentes, para quien los mayores da\u00f1os en las zonas de p\u00e1ramos son causados por los incendios de pajonales. Los flagelos han ocasionado la disminuci\u00f3n de los caudales de vertientes subterr\u00e1neas y r\u00edos que alimentan la cuenca Chambo-Guano, aumentando el nivel de las acequias.<\/p>\n<p style=\"text-align: justify;\">Por esta raz\u00f3n, esta Cartera de Estado busca crear conciencia sobre el uso adecuado de los recursos estrat\u00e9gicos, como el agua. Para ello, estableci\u00f3 los medios adecuados para dar seguimiento a las acciones que realicen los socios de las juntas sobre programas y proyectos, en favor de la conservaci\u00f3n de este importante ecosistema.<\/p>\n<p style=\"text-align: justify;\">Asimismo, se socializaron los efectos adversos que son provocados por las acciones humanas y los impactos sobre el abastecimiento y caudal de las cuencas hidrogr\u00e1ficas que se encuentran en la zona de amortiguamiento de las dos \u00e1reas protegidas que alberga la provincia del Chimborazo.<\/p>\n<p style=\"text-align: justify;\">Por otro lado, Guadalupe mencion\u00f3 que de parte de la junta de regantes existe un fondo que ser\u00e1 destinado a acciones encaminadas a la protecci\u00f3n y conservaci\u00f3n de p\u00e1ramos conjuntamente con el PROMAREN (Proyecto de Manejo de los Recursos Naturales) del GAD Provincial de Chimborazo.<\/p>\n<p style=\"text-align: justify;\">Luego del proceso de capacitaciones, los socios se comprometieron a socializar este tipo de tem\u00e1ticas entre sus comunidades.<\/p>\n<p style=\"text-align: justify;\">\n","protected":false},"excerpt":{"rendered":"<p class=\"excerpt\">Con el objetivo de incentivar y dar a conocer la importancia del manejo y cuidado del ecosistema p\u00e1ramo, t\u00e9cnicos de la Direcci\u00f3n Provincial del Ambiente de Chimborazo capacitaron a 86 integrantes de la Junta de Regantes de la Cuenca Chambo \u2013 Guano, \u201cJURECH\u201d, durante la semana del 30 de septiembre al 03 de octubre. Los beneficiarios, pertenecientes a las comunidades&hellip; <a href=\"https:\/\/www.ambienteyenergia.gob.ec\/ambiente\/mae-fomenta-la-proteccion-de-paramos-en-chimborazo\/\">Read more &rarr;<\/a><\/p>\n","protected":false},"author":13,"featured_media":15833,"comment_status":"open","ping_status":"open","sticky":false,"template":"","format":"standard","meta":{"footnotes":""},"categories":[16,4],"tags":[],"class_list":["post-15832","post","type-post","status-publish","format-standard","has-post-thumbnail","hentry","category-comunicamos","category-noticias","xfolkentry"],"_links":{"self":[{"href":"https:\/\/www.ambienteyenergia.gob.ec\/ambiente\/wp-json\/wp\/v2\/posts\/15832","targetHints":{"allow":["GET"]}}],"collection":[{"href":"https:\/\/www.ambienteyenergia.gob.ec\/ambiente\/wp-json\/wp\/v2\/posts"}],"about":[{"href":"https:\/\/www.ambienteyenergia.gob.ec\/ambiente\/wp-json\/wp\/v2\/types\/post"}],"author":[{"embeddable":true,"href":"https:\/\/www.ambienteyenergia.gob.ec\/ambiente\/wp-json\/wp\/v2\/users\/13"}],"replies":[{"embeddable":true,"href":"https:\/\/www.ambienteyenergia.gob.ec\/ambiente\/wp-json\/wp\/v2\/comments?post=15832"}],"version-history":[{"count":0,"href":"https:\/\/www.ambienteyenergia.gob.ec\/ambiente\/wp-json\/wp\/v2\/posts\/15832\/revisions"}],"wp:featuredmedia":[{"embeddable":true,"href":"https:\/\/www.ambienteyenergia.gob.ec\/ambiente\/wp-json\/wp\/v2\/media\/15833"}],"wp:attachment":[{"href":"https:\/\/www.ambienteyenergia.gob.ec\/ambiente\/wp-json\/wp\/v2\/media?parent=15832"}],"wp:term":[{"taxonomy":"category","embeddable":true,"href":"https:\/\/www.ambienteyenergia.gob.ec\/ambiente\/wp-json\/wp\/v2\/categories?post=15832"},{"taxonomy":"post_tag","embeddable":true,"href":"https:\/\/www.ambienteyenergia.gob.ec\/ambiente\/wp-json\/wp\/v2\/tags?post=15832"}],"curies":[{"name":"wp","href":"https:\/\/api.w.org\/{rel}","templated":true}]}}