{"id":15810,"date":"2013-10-07T17:20:25","date_gmt":"2013-10-07T22:20:25","guid":{"rendered":"http:\/\/www.ambiente.gob.ec\/?p=15810"},"modified":"2013-10-08T09:19:33","modified_gmt":"2013-10-08T14:19:33","slug":"mae-investiga-aparicion-de-peces-muertos-en-la-playa-de-bajo-alto-el-oro","status":"publish","type":"post","link":"https:\/\/www.ambienteyenergia.gob.ec\/ambiente\/mae-investiga-aparicion-de-peces-muertos-en-la-playa-de-bajo-alto-el-oro\/","title":{"rendered":"MAE investiga aparici\u00f3n de peces muertos en la playa de Bajo Alto, El Oro."},"content":{"rendered":"<p style=\"text-align: justify;\">Luego de que el fin de semana aparecieran peces muertos en la Playa de Bajo Alto, ubicada en el cant\u00f3n El Guabo, Provincia de El Oro, t\u00e9cnicos del Ministerio del Ambiente (MAE), junto con funcionarios del Ret\u00e9n Naval, la Direcci\u00f3n de Pesca del Ministerio de Agricultura, Ganader\u00eda, Apicultura y Pesca (MAGAP), la Unidad de Gesti\u00f3n Ambiental del Municipio del Guabo, y los pescadores de la zona, realizaron una inspecci\u00f3n en la playa para determinar las causas del fen\u00f3meno.<\/p>\n<p style=\"text-align: justify;\">Seg\u00fan versiones de algunos pescadores de la zona, este hecho se deber\u00eda a que barcos pesqueros conocidos com\u00fanmente como \u00abbolicheros\u00bb descargan cantidades considerables de pescados correspondientes a una sola especie y de talla uniforme llamados Chuhueco. Este animal es usado para la elaboraci\u00f3n de harina de pescado.<\/p>\n<p style=\"text-align: justify;\">Dentro de las investigaciones realizadas, este evento se relaciona con otros que producen regularmente para estas fechas. Entre los antecedentes, se encuentran hechos similares registrados el 29 de octubre de 2012 y el 09 de septiembre de 2013, en la playa de Jambel\u00ed y en la entrada del estero Bravito, respectivamente.<\/p>\n<p style=\"text-align: justify;\">Esta Cartera de Estado coordina acciones con la Direcci\u00f3n de Pesca MAGAP, INP y gobiernos locales, con la finalidad de que este tipo eventos no se repitan en el futuro.<\/p>\n<p style=\"text-align: justify;\">\n","protected":false},"excerpt":{"rendered":"<p class=\"excerpt\">Luego de que el fin de semana aparecieran peces muertos en la Playa de Bajo Alto, ubicada en el cant\u00f3n El Guabo, Provincia de El Oro, t\u00e9cnicos del Ministerio del Ambiente (MAE), junto con funcionarios del Ret\u00e9n Naval, la Direcci\u00f3n de Pesca del Ministerio de Agricultura, Ganader\u00eda, Apicultura y Pesca (MAGAP), la Unidad de Gesti\u00f3n Ambiental del Municipio del Guabo,&hellip; <a href=\"https:\/\/www.ambienteyenergia.gob.ec\/ambiente\/mae-investiga-aparicion-de-peces-muertos-en-la-playa-de-bajo-alto-el-oro\/\">Read more &rarr;<\/a><\/p>\n","protected":false},"author":13,"featured_media":15815,"comment_status":"open","ping_status":"open","sticky":false,"template":"","format":"standard","meta":{"footnotes":""},"categories":[16,4],"tags":[],"class_list":["post-15810","post","type-post","status-publish","format-standard","has-post-thumbnail","hentry","category-comunicamos","category-noticias","xfolkentry"],"_links":{"self":[{"href":"https:\/\/www.ambienteyenergia.gob.ec\/ambiente\/wp-json\/wp\/v2\/posts\/15810","targetHints":{"allow":["GET"]}}],"collection":[{"href":"https:\/\/www.ambienteyenergia.gob.ec\/ambiente\/wp-json\/wp\/v2\/posts"}],"about":[{"href":"https:\/\/www.ambienteyenergia.gob.ec\/ambiente\/wp-json\/wp\/v2\/types\/post"}],"author":[{"embeddable":true,"href":"https:\/\/www.ambienteyenergia.gob.ec\/ambiente\/wp-json\/wp\/v2\/users\/13"}],"replies":[{"embeddable":true,"href":"https:\/\/www.ambienteyenergia.gob.ec\/ambiente\/wp-json\/wp\/v2\/comments?post=15810"}],"version-history":[{"count":0,"href":"https:\/\/www.ambienteyenergia.gob.ec\/ambiente\/wp-json\/wp\/v2\/posts\/15810\/revisions"}],"wp:featuredmedia":[{"embeddable":true,"href":"https:\/\/www.ambienteyenergia.gob.ec\/ambiente\/wp-json\/wp\/v2\/media\/15815"}],"wp:attachment":[{"href":"https:\/\/www.ambienteyenergia.gob.ec\/ambiente\/wp-json\/wp\/v2\/media?parent=15810"}],"wp:term":[{"taxonomy":"category","embeddable":true,"href":"https:\/\/www.ambienteyenergia.gob.ec\/ambiente\/wp-json\/wp\/v2\/categories?post=15810"},{"taxonomy":"post_tag","embeddable":true,"href":"https:\/\/www.ambienteyenergia.gob.ec\/ambiente\/wp-json\/wp\/v2\/tags?post=15810"}],"curies":[{"name":"wp","href":"https:\/\/api.w.org\/{rel}","templated":true}]}}