{"id":15806,"date":"2013-10-07T11:47:12","date_gmt":"2013-10-07T16:47:12","guid":{"rendered":"http:\/\/www.ambiente.gob.ec\/?p=15806"},"modified":"2013-10-07T11:47:12","modified_gmt":"2013-10-07T16:47:12","slug":"mae-tungurahua-inicio-actividades-con-el-servicio-civil-ciudadano","status":"publish","type":"post","link":"https:\/\/www.ambienteyenergia.gob.ec\/ambiente\/mae-tungurahua-inicio-actividades-con-el-servicio-civil-ciudadano\/","title":{"rendered":"MAE  Tungurahua inici\u00f3 actividades con el Servicio Civil Ciudadano"},"content":{"rendered":"<p style=\"text-align: justify;\">Alrededor de 25 J\u00f3venes de diferentes cantones de la provincia de Tungurahua iniciaron el programa de trabajo denominado \u00abDe las ideas a la acci\u00f3n\u00bb. Junto con el Ministerio de Relaciones Laborales, el Ministerio del Ambiente (MAE), ejecuta el voluntariado que tiene como finalidad que los j\u00f3venes generen propuestas, proyectos,\u00a0 participaci\u00f3n activa en ferias, procesos de Educaci\u00f3n Ambiental y m\u00e1s actividades relacionadas con la conservaci\u00f3n y protecci\u00f3n del Ambiente.<\/p>\n<p style=\"text-align: justify;\">Temas como Administraci\u00f3n Forestal, Protecci\u00f3n de los Bosques, Biodiversidad, Educaci\u00f3n Ambiental, \u00c1reas Naturales Protegidas \u00a0y buenas pr\u00e1cticas ambientales forman parte de los conocimientos que los J\u00f3venes del Servicio Civil Ciudadano deber\u00e1n manejar en el \u00e1mbito de las actividades que el MAE ha programado para 10 meses.<\/p>\n<p style=\"text-align: justify;\">\u00a0Los j\u00f3venes\u00a0 de este programa\u00a0 recibir\u00e1n a diario refrigerios y almuerzos, ser\u00e1n dotados de vestimenta identificativa, y un \u00a0rubro mensual para movilizaci\u00f3n hasta el sitio de trabajo adem\u00e1s de transporte para salir a realizar actividades de campo.<\/p>\n<p style=\"text-align: justify;\">Durante la semana pasada, los j\u00f3venes fueron capacitados por funcionarios de las unidades de Patrimonio Forestal, Calidad Ambiental y\u00a0 Jur\u00eddica, y el Parque Nacional Llanganates.<\/p>\n<p style=\"text-align: justify;\">\n","protected":false},"excerpt":{"rendered":"<p class=\"excerpt\">Alrededor de 25 J\u00f3venes de diferentes cantones de la provincia de Tungurahua iniciaron el programa de trabajo denominado \u00abDe las ideas a la acci\u00f3n\u00bb. Junto con el Ministerio de Relaciones Laborales, el Ministerio del Ambiente (MAE), ejecuta el voluntariado que tiene como finalidad que los j\u00f3venes generen propuestas, proyectos,\u00a0 participaci\u00f3n activa en ferias, procesos de Educaci\u00f3n Ambiental y m\u00e1s actividades&hellip; <a href=\"https:\/\/www.ambienteyenergia.gob.ec\/ambiente\/mae-tungurahua-inicio-actividades-con-el-servicio-civil-ciudadano\/\">Read more &rarr;<\/a><\/p>\n","protected":false},"author":13,"featured_media":15807,"comment_status":"open","ping_status":"open","sticky":false,"template":"","format":"standard","meta":{"footnotes":""},"categories":[16,4],"tags":[],"class_list":["post-15806","post","type-post","status-publish","format-standard","has-post-thumbnail","hentry","category-comunicamos","category-noticias","xfolkentry"],"_links":{"self":[{"href":"https:\/\/www.ambienteyenergia.gob.ec\/ambiente\/wp-json\/wp\/v2\/posts\/15806","targetHints":{"allow":["GET"]}}],"collection":[{"href":"https:\/\/www.ambienteyenergia.gob.ec\/ambiente\/wp-json\/wp\/v2\/posts"}],"about":[{"href":"https:\/\/www.ambienteyenergia.gob.ec\/ambiente\/wp-json\/wp\/v2\/types\/post"}],"author":[{"embeddable":true,"href":"https:\/\/www.ambienteyenergia.gob.ec\/ambiente\/wp-json\/wp\/v2\/users\/13"}],"replies":[{"embeddable":true,"href":"https:\/\/www.ambienteyenergia.gob.ec\/ambiente\/wp-json\/wp\/v2\/comments?post=15806"}],"version-history":[{"count":0,"href":"https:\/\/www.ambienteyenergia.gob.ec\/ambiente\/wp-json\/wp\/v2\/posts\/15806\/revisions"}],"wp:featuredmedia":[{"embeddable":true,"href":"https:\/\/www.ambienteyenergia.gob.ec\/ambiente\/wp-json\/wp\/v2\/media\/15807"}],"wp:attachment":[{"href":"https:\/\/www.ambienteyenergia.gob.ec\/ambiente\/wp-json\/wp\/v2\/media?parent=15806"}],"wp:term":[{"taxonomy":"category","embeddable":true,"href":"https:\/\/www.ambienteyenergia.gob.ec\/ambiente\/wp-json\/wp\/v2\/categories?post=15806"},{"taxonomy":"post_tag","embeddable":true,"href":"https:\/\/www.ambienteyenergia.gob.ec\/ambiente\/wp-json\/wp\/v2\/tags?post=15806"}],"curies":[{"name":"wp","href":"https:\/\/api.w.org\/{rel}","templated":true}]}}