{"id":15800,"date":"2013-10-07T10:02:09","date_gmt":"2013-10-07T15:02:09","guid":{"rendered":"http:\/\/www.ambiente.gob.ec\/?p=15800"},"modified":"2013-10-07T10:02:09","modified_gmt":"2013-10-07T15:02:09","slug":"mae-inspecciono-distribuidoras-avicolas-por-descargas-de-aguas-residuales-al-rio-san-pablo-babahoyo","status":"publish","type":"post","link":"https:\/\/www.ambienteyenergia.gob.ec\/ambiente\/mae-inspecciono-distribuidoras-avicolas-por-descargas-de-aguas-residuales-al-rio-san-pablo-babahoyo\/","title":{"rendered":"MAE inspeccion\u00f3 distribuidoras av\u00edcolas por descargas de aguas residuales al r\u00edo San Pablo, Babahoyo"},"content":{"rendered":"<p style=\"text-align: justify;\">El Ministerio del Ambiente (MAE), a trav\u00e9s de la Direcci\u00f3n Provincial de Los R\u00edos, realiz\u00f3 una inspecci\u00f3n de control a las distribuidoras av\u00edcolas \u201cMoreno Montero\u201d y \u00a0\u201dPio Lindo\u201d ubicadas en la v\u00eda Flores a la altura del Mercado Municipal \u201c4 de mayo\u201d del cant\u00f3n Babahoyo, tras haber recibido una denuncia de contaminaci\u00f3n por descargas al r\u00edo San Pablo del cant\u00f3n Babahoyo.<\/p>\n<p style=\"text-align: justify;\">En la inspecci\u00f3n participaron t\u00e9cnicos de esta Cartera de Estado, el Comisario de Salud de la Provincia de Los R\u00edos y el Comisario Municipal del cant\u00f3n Babahoyo. Durante el recorrido, se evidenci\u00f3 las descargas de aguas residuales y restos de animales muertos, producto del faenamiento de aves, hacia el cuerpo h\u00eddrico, as\u00ed como la presencia de vectores de enfermedades, por lo cual se procedi\u00f3 a la clausura de la distribuidora av\u00edcola \u201cPio Lindo\u201d por parte de la Comisar\u00eda de Salud.<\/p>\n<p style=\"text-align: justify;\">Los resultados del informe determinaron que se incumplieron normas t\u00e9cnicas y otras obligaciones \u00a0ambientales por parte de ambas distribuidoras av\u00edcolas. Por esa raz\u00f3n, el MAE, como principal Autoridad Ambiental del pa\u00eds, inici\u00f3 procesos administrativos y dispuso el inicio del proceso de regulaci\u00f3n ambiental de estas actividades.<\/p>\n<p style=\"text-align: justify;\">La Autoridad Ambiental Nacional, se mantendr\u00e1 vigilante para que se cumpla con la normativa ambiental vigente y as\u00ed evitar se contin\u00fae contaminando el recurso h\u00eddrico.<\/p>\n<div id='gallery-1' class='gallery galleryid-15800 gallery-columns-4 gallery-size-thumbnail'><dl class='gallery-item'>\n\t\t\t<dt class='gallery-icon landscape'>\n\t\t\t\t<a href='https:\/\/www.ambienteyenergia.gob.ec\/ambiente\/mae-inspecciono-distribuidoras-avicolas-por-descargas-de-aguas-residuales-al-rio-san-pablo-babahoyo\/dscn9470\/'><img loading=\"lazy\" decoding=\"async\" width=\"150\" height=\"150\" src=\"https:\/\/www.ambienteyenergia.gob.ec\/ambiente\/wp-content\/uploads\/sites\/2\/2013\/10\/DSCN9470-150x150.jpg\" class=\"attachment-thumbnail size-thumbnail\" alt=\"\" \/><\/a>\n\t\t\t<\/dt><\/dl><dl class='gallery-item'>\n\t\t\t<dt class='gallery-icon landscape'>\n\t\t\t\t<a href='https:\/\/www.ambienteyenergia.gob.ec\/ambiente\/mae-inspecciono-distribuidoras-avicolas-por-descargas-de-aguas-residuales-al-rio-san-pablo-babahoyo\/dscn9496\/'><img loading=\"lazy\" decoding=\"async\" width=\"150\" height=\"150\" src=\"https:\/\/www.ambienteyenergia.gob.ec\/ambiente\/wp-content\/uploads\/sites\/2\/2013\/10\/DSCN9496-150x150.jpg\" class=\"attachment-thumbnail size-thumbnail\" alt=\"\" \/><\/a>\n\t\t\t<\/dt><\/dl><dl class='gallery-item'>\n\t\t\t<dt class='gallery-icon portrait'>\n\t\t\t\t<a href='https:\/\/www.ambienteyenergia.gob.ec\/ambiente\/mae-inspecciono-distribuidoras-avicolas-por-descargas-de-aguas-residuales-al-rio-san-pablo-babahoyo\/dscn9511\/'><img loading=\"lazy\" decoding=\"async\" width=\"150\" height=\"150\" src=\"https:\/\/www.ambienteyenergia.gob.ec\/ambiente\/wp-content\/uploads\/sites\/2\/2013\/10\/DSCN9511-150x150.jpg\" class=\"attachment-thumbnail size-thumbnail\" alt=\"\" \/><\/a>\n\t\t\t<\/dt><\/dl><dl class='gallery-item'>\n\t\t\t<dt class='gallery-icon landscape'>\n\t\t\t\t<a href='https:\/\/www.ambienteyenergia.gob.ec\/ambiente\/mae-inspecciono-distribuidoras-avicolas-por-descargas-de-aguas-residuales-al-rio-san-pablo-babahoyo\/dscn9464\/'><img loading=\"lazy\" decoding=\"async\" width=\"150\" height=\"150\" src=\"https:\/\/www.ambienteyenergia.gob.ec\/ambiente\/wp-content\/uploads\/sites\/2\/2013\/10\/DSCN9464-150x150.jpg\" class=\"attachment-thumbnail size-thumbnail\" alt=\"\" \/><\/a>\n\t\t\t<\/dt><\/dl><br style=\"clear: both\" \/>\n\t\t<\/div>\n\n<p style=\"text-align: justify;\">\n","protected":false},"excerpt":{"rendered":"<p class=\"excerpt\">El Ministerio del Ambiente (MAE), a trav\u00e9s de la Direcci\u00f3n Provincial de Los R\u00edos, realiz\u00f3 una inspecci\u00f3n de control a las distribuidoras av\u00edcolas \u201cMoreno Montero\u201d y \u00a0\u201dPio Lindo\u201d ubicadas en la v\u00eda Flores a la altura del Mercado Municipal \u201c4 de mayo\u201d del cant\u00f3n Babahoyo, tras haber recibido una denuncia de contaminaci\u00f3n por descargas al r\u00edo San Pablo del cant\u00f3n&hellip; <a href=\"https:\/\/www.ambienteyenergia.gob.ec\/ambiente\/mae-inspecciono-distribuidoras-avicolas-por-descargas-de-aguas-residuales-al-rio-san-pablo-babahoyo\/\">Read more &rarr;<\/a><\/p>\n","protected":false},"author":13,"featured_media":15804,"comment_status":"open","ping_status":"open","sticky":false,"template":"","format":"standard","meta":{"footnotes":""},"categories":[16,4],"tags":[],"class_list":["post-15800","post","type-post","status-publish","format-standard","has-post-thumbnail","hentry","category-comunicamos","category-noticias","xfolkentry"],"_links":{"self":[{"href":"https:\/\/www.ambienteyenergia.gob.ec\/ambiente\/wp-json\/wp\/v2\/posts\/15800","targetHints":{"allow":["GET"]}}],"collection":[{"href":"https:\/\/www.ambienteyenergia.gob.ec\/ambiente\/wp-json\/wp\/v2\/posts"}],"about":[{"href":"https:\/\/www.ambienteyenergia.gob.ec\/ambiente\/wp-json\/wp\/v2\/types\/post"}],"author":[{"embeddable":true,"href":"https:\/\/www.ambienteyenergia.gob.ec\/ambiente\/wp-json\/wp\/v2\/users\/13"}],"replies":[{"embeddable":true,"href":"https:\/\/www.ambienteyenergia.gob.ec\/ambiente\/wp-json\/wp\/v2\/comments?post=15800"}],"version-history":[{"count":0,"href":"https:\/\/www.ambienteyenergia.gob.ec\/ambiente\/wp-json\/wp\/v2\/posts\/15800\/revisions"}],"wp:featuredmedia":[{"embeddable":true,"href":"https:\/\/www.ambienteyenergia.gob.ec\/ambiente\/wp-json\/wp\/v2\/media\/15804"}],"wp:attachment":[{"href":"https:\/\/www.ambienteyenergia.gob.ec\/ambiente\/wp-json\/wp\/v2\/media?parent=15800"}],"wp:term":[{"taxonomy":"category","embeddable":true,"href":"https:\/\/www.ambienteyenergia.gob.ec\/ambiente\/wp-json\/wp\/v2\/categories?post=15800"},{"taxonomy":"post_tag","embeddable":true,"href":"https:\/\/www.ambienteyenergia.gob.ec\/ambiente\/wp-json\/wp\/v2\/tags?post=15800"}],"curies":[{"name":"wp","href":"https:\/\/api.w.org\/{rel}","templated":true}]}}