{"id":15794,"date":"2013-10-04T15:56:11","date_gmt":"2013-10-04T20:56:11","guid":{"rendered":"http:\/\/www.ambiente.gob.ec\/?p=15794"},"modified":"2013-10-04T15:56:11","modified_gmt":"2013-10-04T20:56:11","slug":"ecuador-participara-en-la-conferencia-de-plenipotenciarios-sobre-el-convenio-de-minamata-sobre-mercurio-en-japon","status":"publish","type":"post","link":"https:\/\/www.ambienteyenergia.gob.ec\/ambiente\/ecuador-participara-en-la-conferencia-de-plenipotenciarios-sobre-el-convenio-de-minamata-sobre-mercurio-en-japon\/","title":{"rendered":"Ecuador participar\u00e1 en la Conferencia de Plenipotenciarios sobre el Convenio de Minamata sobre Mercurio, en Jap\u00f3n"},"content":{"rendered":"<p style=\"text-align: justify;\">Del 7 al 11 de octubre del a\u00f1o en curso, el Gobierno ecuatoriano participar\u00e1 en la Conferencia de Plenipotenciarios sobre el Convenio de Minamata sobre Mercurio, en Kumamoto, Jap\u00f3n. La Ministra del Ambiente, Lorena Tapia, liderar\u00e1 la comitiva que representar\u00e1 al pa\u00eds durante la adopci\u00f3n y firma del convenio.<\/p>\n<p style=\"text-align: justify;\">En enero de este a\u00f1o, se lleg\u00f3 a un consenso en la elaboraci\u00f3n del instrumento jur\u00eddicamente vinculante, para suscribir oficialmente el \u201cConvenio de Minamata sobre Mercurio\u201d, mismo que tiene el objetivo de proteger la salud humana y el ambiente de las emisiones y las liberaciones antropog\u00e9nicas de ese elemento y sus compuestos.<\/p>\n<p style=\"text-align: justify;\">Ello, una vez finalizadas las deliberaciones del Comit\u00e9 Intergubernamental de Negociaci\u00f3n(CIN), encargado de desarrollar nuevas medidas internacionales de control del mercurio.<\/p>\n<p style=\"text-align: justify;\">Desde2010, el Ecuador ha participado activamente en varios temas dentro de los grupos de contacto conformado por el CIN y el Grupo de Latinoamerica y el Caribe (GRULAC). Adem\u00e1s, en el marco nacional, el compromiso est\u00e1 orientado hacia la reducci\u00f3n y eliminaci\u00f3n del mercurio.<\/p>\n<p style=\"text-align: justify;\">Por esa raz\u00f3n, en sus pol\u00edticas, relacionadas espec\u00edficamente a las actividades mineras, el Ministerio del Ambiente(MAE) trabaja en el Proyecto denominado Cero Mercurio, desde 2012.<\/p>\n<p style=\"text-align: justify;\">Asimismo, el pa\u00eds concuerda con impulsar mecanismos financieros, t\u00e9cnicos, tecnol\u00f3gicos y de creaci\u00f3n de capacidad, en especial para las naciones en desarrollo y en las que tienen econom\u00edas en transici\u00f3n, a fin de fortalecer la gesti\u00f3n del mercurio y de promover la aplicaci\u00f3n eficaz del Convenio.<\/p>\n<p style=\"text-align: justify;\">\n","protected":false},"excerpt":{"rendered":"<p class=\"excerpt\">Del 7 al 11 de octubre del a\u00f1o en curso, el Gobierno ecuatoriano participar\u00e1 en la Conferencia de Plenipotenciarios sobre el Convenio de Minamata sobre Mercurio, en Kumamoto, Jap\u00f3n. La Ministra del Ambiente, Lorena Tapia, liderar\u00e1 la comitiva que representar\u00e1 al pa\u00eds durante la adopci\u00f3n y firma del convenio. En enero de este a\u00f1o, se lleg\u00f3 a un consenso en&hellip; <a href=\"https:\/\/www.ambienteyenergia.gob.ec\/ambiente\/ecuador-participara-en-la-conferencia-de-plenipotenciarios-sobre-el-convenio-de-minamata-sobre-mercurio-en-japon\/\">Read more &rarr;<\/a><\/p>\n","protected":false},"author":13,"featured_media":15795,"comment_status":"open","ping_status":"open","sticky":false,"template":"","format":"standard","meta":{"footnotes":""},"categories":[16,4],"tags":[],"class_list":["post-15794","post","type-post","status-publish","format-standard","has-post-thumbnail","hentry","category-comunicamos","category-noticias","xfolkentry"],"_links":{"self":[{"href":"https:\/\/www.ambienteyenergia.gob.ec\/ambiente\/wp-json\/wp\/v2\/posts\/15794","targetHints":{"allow":["GET"]}}],"collection":[{"href":"https:\/\/www.ambienteyenergia.gob.ec\/ambiente\/wp-json\/wp\/v2\/posts"}],"about":[{"href":"https:\/\/www.ambienteyenergia.gob.ec\/ambiente\/wp-json\/wp\/v2\/types\/post"}],"author":[{"embeddable":true,"href":"https:\/\/www.ambienteyenergia.gob.ec\/ambiente\/wp-json\/wp\/v2\/users\/13"}],"replies":[{"embeddable":true,"href":"https:\/\/www.ambienteyenergia.gob.ec\/ambiente\/wp-json\/wp\/v2\/comments?post=15794"}],"version-history":[{"count":0,"href":"https:\/\/www.ambienteyenergia.gob.ec\/ambiente\/wp-json\/wp\/v2\/posts\/15794\/revisions"}],"wp:featuredmedia":[{"embeddable":true,"href":"https:\/\/www.ambienteyenergia.gob.ec\/ambiente\/wp-json\/wp\/v2\/media\/15795"}],"wp:attachment":[{"href":"https:\/\/www.ambienteyenergia.gob.ec\/ambiente\/wp-json\/wp\/v2\/media?parent=15794"}],"wp:term":[{"taxonomy":"category","embeddable":true,"href":"https:\/\/www.ambienteyenergia.gob.ec\/ambiente\/wp-json\/wp\/v2\/categories?post=15794"},{"taxonomy":"post_tag","embeddable":true,"href":"https:\/\/www.ambienteyenergia.gob.ec\/ambiente\/wp-json\/wp\/v2\/tags?post=15794"}],"curies":[{"name":"wp","href":"https:\/\/api.w.org\/{rel}","templated":true}]}}