{"id":15781,"date":"2013-10-04T15:26:59","date_gmt":"2013-10-04T20:26:59","guid":{"rendered":"http:\/\/www.ambiente.gob.ec\/?p=15781"},"modified":"2013-10-04T15:26:59","modified_gmt":"2013-10-04T20:26:59","slug":"mae-desarrolla-norma-tecnica-de-cambio-climatico-para-gobiernos-provinciales","status":"publish","type":"post","link":"https:\/\/www.ambienteyenergia.gob.ec\/ambiente\/mae-desarrolla-norma-tecnica-de-cambio-climatico-para-gobiernos-provinciales\/","title":{"rendered":"MAE desarrolla Norma T\u00e9cnica de cambio clim\u00e1tico para gobiernos provinciales"},"content":{"rendered":"<p style=\"text-align: justify;\" align=\"JUSTIFY\"><span style=\"color: #000000;\">El Ministerio del Ambiente (MAE), a trav\u00e9s de su proyecto Gesti\u00f3n de la Adaptaci\u00f3n al Cambio Clim\u00e1tico para disminuir la Vulnerabilidad Social, Econ\u00f3mica y Ambiental (GACC) de la Subsecretar\u00eda de Cambio Clim\u00e1tico, se reuni\u00f3 con representantes de los Gobiernos Aut\u00f3nomos Descentralizados de Cotopaxi, Chimborazo y Tungurahua, involucrados en el \u201cEstudio de Vulnerabilidad de la cuenca del Pastaza\u201d, los d\u00edas 2 y 3 de octubre. Esto con el objetivo de iniciar el proceso de elaboraci\u00f3n de una normativa t\u00e9cnica para incluir el componente de cambio clim\u00e1tico en los Planes de Ordenamiento Territorial (PDOT\u00b4s).<\/span><\/p>\n<p style=\"text-align: justify;\" align=\"JUSTIFY\"><span style=\"color: #000000;\">Uno de los ejes transversales de este proceso fue fortalecer la participaci\u00f3n de los GADs en sus tres niveles: parroquial, cantonal y provincial, a trav\u00e9s de reuniones y talleres con actores estrat\u00e9gicos de la cuenca del Pastaza.<\/span><\/p>\n<p style=\"text-align: justify;\" align=\"JUSTIFY\"><strong><span style=\"color: #000000;\">Pr\u00f3ximos pasos<\/span><\/strong><\/p>\n<p style=\"text-align: justify;\" align=\"JUSTIFY\"><span style=\"color: #000000;\">El encuentro permiti\u00f3 socializar a los representantes de los GADs los objetivos que la consultora contratada llevar\u00e1 a cabo en los pr\u00f3ximos meses, con la que se obtendr\u00e1 <\/span><span style=\"color: #000000;\"> una Normativa T\u00e9cnica con sus respectivos formatos y gu\u00edas explicativas, que oriente a los GADs en el desarrollo de planes, programas y estrategias de cambio clim\u00e1tico en sus respectivas jurisdicciones, en forma coordinada con la Subsecretar\u00eda de Cambio Clim\u00e1tico.<\/span><\/p>\n<p style=\"text-align: justify;\" align=\"JUSTIFY\"><span style=\"font-family: FreeSans, sans-serif;\">Carlos Bonilla, Coordinador de Gesti\u00f3n Ambiental del GAD de Chimborazo, al igual que los representantes de los otros GADs convocados, manifest\u00f3 el compromiso por parte del Gobierno Provincial para trabajar por el bien de la provincia y dar todo el apoyo necesario para este proyecto.<\/span><\/p>\n<p style=\"text-align: justify;\" lang=\"es-ES\" align=\"JUSTIFY\"><span style=\"color: #00000a;\">La consultor\u00eda tiene un car\u00e1cter Nacional, a partir de la implementaci\u00f3n y aplicaci\u00f3n de la Normativa T\u00e9cnica que se va a desarrollar para el dise\u00f1o, aprobaci\u00f3n y seguimiento de planes de cambio clim\u00e1tico en los Gobiernos Aut\u00f3nomos Descentralizados. La aplicaci\u00f3n piloto se desarrollar\u00e1 en cuatro GAD de la cuenca del r\u00edo Pastaza.<\/span><\/p>\n","protected":false},"excerpt":{"rendered":"<p class=\"excerpt\">El Ministerio del Ambiente (MAE), a trav\u00e9s de su proyecto Gesti\u00f3n de la Adaptaci\u00f3n al Cambio Clim\u00e1tico para disminuir la Vulnerabilidad Social, Econ\u00f3mica y Ambiental (GACC) de la Subsecretar\u00eda de Cambio Clim\u00e1tico, se reuni\u00f3 con representantes de los Gobiernos Aut\u00f3nomos Descentralizados de Cotopaxi, Chimborazo y Tungurahua, involucrados en el \u201cEstudio de Vulnerabilidad de la cuenca del Pastaza\u201d, los d\u00edas 2&hellip; <a href=\"https:\/\/www.ambienteyenergia.gob.ec\/ambiente\/mae-desarrolla-norma-tecnica-de-cambio-climatico-para-gobiernos-provinciales\/\">Read more &rarr;<\/a><\/p>\n","protected":false},"author":13,"featured_media":15786,"comment_status":"open","ping_status":"open","sticky":false,"template":"","format":"standard","meta":{"footnotes":""},"categories":[16,4],"tags":[],"class_list":["post-15781","post","type-post","status-publish","format-standard","has-post-thumbnail","hentry","category-comunicamos","category-noticias","xfolkentry"],"_links":{"self":[{"href":"https:\/\/www.ambienteyenergia.gob.ec\/ambiente\/wp-json\/wp\/v2\/posts\/15781","targetHints":{"allow":["GET"]}}],"collection":[{"href":"https:\/\/www.ambienteyenergia.gob.ec\/ambiente\/wp-json\/wp\/v2\/posts"}],"about":[{"href":"https:\/\/www.ambienteyenergia.gob.ec\/ambiente\/wp-json\/wp\/v2\/types\/post"}],"author":[{"embeddable":true,"href":"https:\/\/www.ambienteyenergia.gob.ec\/ambiente\/wp-json\/wp\/v2\/users\/13"}],"replies":[{"embeddable":true,"href":"https:\/\/www.ambienteyenergia.gob.ec\/ambiente\/wp-json\/wp\/v2\/comments?post=15781"}],"version-history":[{"count":0,"href":"https:\/\/www.ambienteyenergia.gob.ec\/ambiente\/wp-json\/wp\/v2\/posts\/15781\/revisions"}],"wp:featuredmedia":[{"embeddable":true,"href":"https:\/\/www.ambienteyenergia.gob.ec\/ambiente\/wp-json\/wp\/v2\/media\/15786"}],"wp:attachment":[{"href":"https:\/\/www.ambienteyenergia.gob.ec\/ambiente\/wp-json\/wp\/v2\/media?parent=15781"}],"wp:term":[{"taxonomy":"category","embeddable":true,"href":"https:\/\/www.ambienteyenergia.gob.ec\/ambiente\/wp-json\/wp\/v2\/categories?post=15781"},{"taxonomy":"post_tag","embeddable":true,"href":"https:\/\/www.ambienteyenergia.gob.ec\/ambiente\/wp-json\/wp\/v2\/tags?post=15781"}],"curies":[{"name":"wp","href":"https:\/\/api.w.org\/{rel}","templated":true}]}}