{"id":15751,"date":"2013-10-04T14:18:10","date_gmt":"2013-10-04T19:18:10","guid":{"rendered":"http:\/\/www.ambiente.gob.ec\/?p=15751"},"modified":"2013-10-04T15:36:05","modified_gmt":"2013-10-04T20:36:05","slug":"los-guardianes-del-planeta-llegaron-a-guayaquil","status":"publish","type":"post","link":"https:\/\/www.ambienteyenergia.gob.ec\/ambiente\/los-guardianes-del-planeta-llegaron-a-guayaquil\/","title":{"rendered":"Los Guardianes del Planeta llegaron a Guayaquil"},"content":{"rendered":"<p style=\"text-align: justify;\">Ense\u00f1anzas sobre el reciclaje de la basura, ahorro de energ\u00eda el\u00e9ctrica y de papel, entre otras buenas pr\u00e1cticas ambientales son difundidas por los Guardianes del Planeta, quienes\u00a0 visitaron planteles educativos de la ciudad de Guayaquil.<\/p>\n<p style=\"text-align: justify;\">Los alumnos de la escuela Anne Sullivan y Marianita Rodas de Prieto fueron los primeros en recibir a los Guardianes del Planeta con las charlas educativas \u201cNuestra casa, un mundo prestado\u201d, que buscan fomentar entre ellos la protecci\u00f3n y conservaci\u00f3n del ambiente.<\/p>\n<p style=\"text-align: justify;\">Los personajes teatrales establecieron actividades l\u00fadicas con mensajes espec\u00edficos y din\u00e1micas pedag\u00f3gicas para que los ni\u00f1os capten las ense\u00f1anzas de las 4R del reciclaje (reducir, reusar, reciclar y rechazar).<\/p>\n<p style=\"text-align: justify;\">Adem\u00e1s, los infantes fueron incentivados con premios como camisetas, pulseras, antifaces y stickers, en el juego de preguntas y respuestas que permitieron afianzar el mensaje impartido, enfocado en la preservaci\u00f3n de los espacios naturales aleda\u00f1os, como la Reserva de Producci\u00f3n de Fauna Manglares El Salado.<\/p>\n<p style=\"text-align: justify;\">Otra opci\u00f3n de aprendizaje fue \u201cLa Casita\u201d de la Empresa El\u00e9ctrica de Guayaquil, ente que se sum\u00f3 a la jornada de educaci\u00f3n ambiental, para fomentar en los infantes normas ambientales que los llevar\u00e1n a ser verdaderos \u201cGuardianes del Planeta\u201d.<\/p>\n<p style=\"text-align: justify;\">Pablo Segale, Director Provincial del Ambiente de Guayas, mencion\u00f3 que estas actividades de educaci\u00f3n ambiental seguir\u00e1n imparti\u00e9ndose en otros planteles educativos, hasta finales de a\u00f1o y conseguir una ni\u00f1ez m\u00e1s amiga y protectora del ambiente.<\/p>\n<p style=\"text-align: justify;\"><a href=\"http:\/\/www.ambienteyenergia.gob.ec\/ambiente\/wp-content\/uploads\/2013\/10\/IMG-20131001-WA006.jpg\"><img loading=\"lazy\" decoding=\"async\" class=\"aligncenter size-full wp-image-15753\" title=\"Los Guardianes del Planeta llegaron a Guayaquil\" src=\"http:\/\/www.ambienteyenergia.gob.ec\/ambiente\/wp-content\/uploads\/2013\/10\/IMG-20131001-WA006.jpg\" alt=\"\" width=\"600\" height=\"645\" srcset=\"https:\/\/www.ambienteyenergia.gob.ec\/ambiente\/wp-content\/uploads\/sites\/2\/2013\/10\/IMG-20131001-WA006.jpg 600w, https:\/\/www.ambienteyenergia.gob.ec\/ambiente\/wp-content\/uploads\/sites\/2\/2013\/10\/IMG-20131001-WA006-279x300.jpg 279w\" sizes=\"auto, (max-width: 600px) 100vw, 600px\" \/><\/a><\/p>\n<p style=\"text-align: justify;\">\n","protected":false},"excerpt":{"rendered":"<p class=\"excerpt\">Ense\u00f1anzas sobre el reciclaje de la basura, ahorro de energ\u00eda el\u00e9ctrica y de papel, entre otras buenas pr\u00e1cticas ambientales son difundidas por los Guardianes del Planeta, quienes\u00a0 visitaron planteles educativos de la ciudad de Guayaquil. Los alumnos de la escuela Anne Sullivan y Marianita Rodas de Prieto fueron los primeros en recibir a los Guardianes del Planeta con las charlas&hellip; <a href=\"https:\/\/www.ambienteyenergia.gob.ec\/ambiente\/los-guardianes-del-planeta-llegaron-a-guayaquil\/\">Read more &rarr;<\/a><\/p>\n","protected":false},"author":13,"featured_media":15752,"comment_status":"open","ping_status":"open","sticky":false,"template":"","format":"standard","meta":{"footnotes":""},"categories":[16,4],"tags":[],"class_list":["post-15751","post","type-post","status-publish","format-standard","has-post-thumbnail","hentry","category-comunicamos","category-noticias","xfolkentry"],"_links":{"self":[{"href":"https:\/\/www.ambienteyenergia.gob.ec\/ambiente\/wp-json\/wp\/v2\/posts\/15751","targetHints":{"allow":["GET"]}}],"collection":[{"href":"https:\/\/www.ambienteyenergia.gob.ec\/ambiente\/wp-json\/wp\/v2\/posts"}],"about":[{"href":"https:\/\/www.ambienteyenergia.gob.ec\/ambiente\/wp-json\/wp\/v2\/types\/post"}],"author":[{"embeddable":true,"href":"https:\/\/www.ambienteyenergia.gob.ec\/ambiente\/wp-json\/wp\/v2\/users\/13"}],"replies":[{"embeddable":true,"href":"https:\/\/www.ambienteyenergia.gob.ec\/ambiente\/wp-json\/wp\/v2\/comments?post=15751"}],"version-history":[{"count":0,"href":"https:\/\/www.ambienteyenergia.gob.ec\/ambiente\/wp-json\/wp\/v2\/posts\/15751\/revisions"}],"wp:featuredmedia":[{"embeddable":true,"href":"https:\/\/www.ambienteyenergia.gob.ec\/ambiente\/wp-json\/wp\/v2\/media\/15752"}],"wp:attachment":[{"href":"https:\/\/www.ambienteyenergia.gob.ec\/ambiente\/wp-json\/wp\/v2\/media?parent=15751"}],"wp:term":[{"taxonomy":"category","embeddable":true,"href":"https:\/\/www.ambienteyenergia.gob.ec\/ambiente\/wp-json\/wp\/v2\/categories?post=15751"},{"taxonomy":"post_tag","embeddable":true,"href":"https:\/\/www.ambienteyenergia.gob.ec\/ambiente\/wp-json\/wp\/v2\/tags?post=15751"}],"curies":[{"name":"wp","href":"https:\/\/api.w.org\/{rel}","templated":true}]}}