{"id":15737,"date":"2013-10-04T10:41:39","date_gmt":"2013-10-04T15:41:39","guid":{"rendered":"http:\/\/www.ambiente.gob.ec\/?p=15737"},"modified":"2013-10-04T12:54:24","modified_gmt":"2013-10-04T17:54:24","slug":"ecuador-supero-el-numero-de-voluntarios-y-kilometros-de-recoleccion-en-el-dia-internacional-de-limpieza-de-playas","status":"publish","type":"post","link":"https:\/\/www.ambienteyenergia.gob.ec\/ambiente\/ecuador-supero-el-numero-de-voluntarios-y-kilometros-de-recoleccion-en-el-dia-internacional-de-limpieza-de-playas\/","title":{"rendered":"Ecuador super\u00f3 el n\u00famero de voluntarios y kil\u00f3metros de recolecci\u00f3n en el D\u00eda Internacional de Limpieza de Playas"},"content":{"rendered":"<p style=\"text-align: justify;\">El Ministerio del Ambiente (MAE), a trav\u00e9s del Programa Nacional de Gesti\u00f3n Integral Desechos S\u00f3lidos (PNGIDS), lider\u00f3 el D\u00eda Internacional de Limpieza de Playas, que se celebr\u00f3 el pasado 21 de septiembre y en el que se superaron las expectativas de recolecci\u00f3n de residuos y el n\u00famero de voluntarios participantes.<\/p>\n<p style=\"text-align: justify;\">Esta iniciativa, que busca concienciar a la poblaci\u00f3n sobre la importancia de no contaminar estos espacios naturales, registr\u00f3 este a\u00f1o un n\u00famero de 15 189 voluntarios, lo que representa un incremento del 22% con respecto a \u00a02012. Asimismo, se recogieron\u00a0118 kg por kil\u00f3metro y 56% menos basura por km.<\/p>\n<p style=\"text-align: justify;\">De igual forma, gracias a la cooperaci\u00f3n de la ciudadan\u00eda y trabajo coordinado del MAE y los voluntarios, el Ecuador sum\u00f3 261,2 km limpios este a\u00f1o, mientras que en 2012 se lleg\u00f3 a 115,84 km.<\/p>\n<p style=\"text-align: justify;\">La contaminaci\u00f3n del ecosistema marino con basura se redujo de manera notable y sostenida, seg\u00fan los resultados obtenidos este 2013. Estos datos son significativos porque la participaci\u00f3n de la comunidad refleja una mayor conciencia y compromiso con la limpieza y protecci\u00f3n de la naturaleza. El objetivo de esta jornada fue lograr mediante la corresponsabilidad ciudadana, una reducci\u00f3n en el impacto ambiental que se genera por arrojar basura en las costas.<\/p>\n<p style=\"text-align: justify;\">El MAE aprovech\u00f3 las mingas de limpieza para difundir, a la poblaci\u00f3n y a los turistas,\u00a0 mensajes de concienciaci\u00f3n en cuanto a la separaci\u00f3n de desechos antes de su disposici\u00f3n final. Esto, con la finalidad de disminuir los niveles de desechos que se convierten en contaminaci\u00f3n.<\/p>\n<p style=\"text-align: justify;\">Esta Cartera de Estado, como principal Autoridad Ambiental del Pa\u00eds, continuar\u00e1 con esta iniciativa, estructurada de acuerdo con los lineamientos del Buen Vivir.<\/p>\n<p style=\"text-align: justify;\">\u00a0<a href=\"http:\/\/www.ambienteyenergia.gob.ec\/ambiente\/wp-content\/uploads\/2013\/10\/PLAYAS-LIMPIAS-1.jpg\"><img loading=\"lazy\" decoding=\"async\" class=\"aligncenter size-full wp-image-15738\" title=\"PLAYAS-LIMPIAS-1\" src=\"http:\/\/www.ambienteyenergia.gob.ec\/ambiente\/wp-content\/uploads\/2013\/10\/PLAYAS-LIMPIAS-1.jpg\" alt=\"\" width=\"808\" height=\"421\" srcset=\"https:\/\/www.ambienteyenergia.gob.ec\/ambiente\/wp-content\/uploads\/sites\/2\/2013\/10\/PLAYAS-LIMPIAS-1.jpg 808w, https:\/\/www.ambienteyenergia.gob.ec\/ambiente\/wp-content\/uploads\/sites\/2\/2013\/10\/PLAYAS-LIMPIAS-1-300x156.jpg 300w, https:\/\/www.ambienteyenergia.gob.ec\/ambiente\/wp-content\/uploads\/sites\/2\/2013\/10\/PLAYAS-LIMPIAS-1-500x260.jpg 500w\" sizes=\"auto, (max-width: 808px) 100vw, 808px\" \/><\/a><\/p>\n<p style=\"text-align: justify;\"><a href=\"http:\/\/www.ambienteyenergia.gob.ec\/ambiente\/wp-content\/uploads\/2013\/10\/playas-limpias-2.jpg\"><img loading=\"lazy\" decoding=\"async\" class=\"aligncenter size-full wp-image-15739\" title=\"playas-limpias-2\" src=\"http:\/\/www.ambienteyenergia.gob.ec\/ambiente\/wp-content\/uploads\/2013\/10\/playas-limpias-2.jpg\" alt=\"\" width=\"843\" height=\"403\" srcset=\"https:\/\/www.ambienteyenergia.gob.ec\/ambiente\/wp-content\/uploads\/sites\/2\/2013\/10\/playas-limpias-2.jpg 843w, https:\/\/www.ambienteyenergia.gob.ec\/ambiente\/wp-content\/uploads\/sites\/2\/2013\/10\/playas-limpias-2-300x143.jpg 300w, https:\/\/www.ambienteyenergia.gob.ec\/ambiente\/wp-content\/uploads\/sites\/2\/2013\/10\/playas-limpias-2-500x239.jpg 500w\" sizes=\"auto, (max-width: 843px) 100vw, 843px\" \/><\/a><\/p>\n<p style=\"text-align: justify;\"><a href=\"http:\/\/www.ambienteyenergia.gob.ec\/ambiente\/wp-content\/uploads\/2013\/10\/playas-limpias-n3.jpg\"><img loading=\"lazy\" decoding=\"async\" class=\"aligncenter size-full wp-image-15749\" title=\"playas-limpias-n3\" src=\"http:\/\/www.ambienteyenergia.gob.ec\/ambiente\/wp-content\/uploads\/2013\/10\/playas-limpias-n3.jpg\" alt=\"\" width=\"843\" height=\"403\" srcset=\"https:\/\/www.ambienteyenergia.gob.ec\/ambiente\/wp-content\/uploads\/sites\/2\/2013\/10\/playas-limpias-n3.jpg 843w, https:\/\/www.ambienteyenergia.gob.ec\/ambiente\/wp-content\/uploads\/sites\/2\/2013\/10\/playas-limpias-n3-300x143.jpg 300w, https:\/\/www.ambienteyenergia.gob.ec\/ambiente\/wp-content\/uploads\/sites\/2\/2013\/10\/playas-limpias-n3-500x239.jpg 500w\" sizes=\"auto, (max-width: 843px) 100vw, 843px\" \/><\/a><\/p>\n","protected":false},"excerpt":{"rendered":"<p class=\"excerpt\">El Ministerio del Ambiente (MAE), a trav\u00e9s del Programa Nacional de Gesti\u00f3n Integral Desechos S\u00f3lidos (PNGIDS), lider\u00f3 el D\u00eda Internacional de Limpieza de Playas, que se celebr\u00f3 el pasado 21 de septiembre y en el que se superaron las expectativas de recolecci\u00f3n de residuos y el n\u00famero de voluntarios participantes. Esta iniciativa, que busca concienciar a la poblaci\u00f3n sobre la&hellip; <a href=\"https:\/\/www.ambienteyenergia.gob.ec\/ambiente\/ecuador-supero-el-numero-de-voluntarios-y-kilometros-de-recoleccion-en-el-dia-internacional-de-limpieza-de-playas\/\">Read more &rarr;<\/a><\/p>\n","protected":false},"author":13,"featured_media":15742,"comment_status":"open","ping_status":"open","sticky":false,"template":"","format":"standard","meta":{"footnotes":""},"categories":[16,4],"tags":[],"class_list":["post-15737","post","type-post","status-publish","format-standard","has-post-thumbnail","hentry","category-comunicamos","category-noticias","xfolkentry"],"_links":{"self":[{"href":"https:\/\/www.ambienteyenergia.gob.ec\/ambiente\/wp-json\/wp\/v2\/posts\/15737","targetHints":{"allow":["GET"]}}],"collection":[{"href":"https:\/\/www.ambienteyenergia.gob.ec\/ambiente\/wp-json\/wp\/v2\/posts"}],"about":[{"href":"https:\/\/www.ambienteyenergia.gob.ec\/ambiente\/wp-json\/wp\/v2\/types\/post"}],"author":[{"embeddable":true,"href":"https:\/\/www.ambienteyenergia.gob.ec\/ambiente\/wp-json\/wp\/v2\/users\/13"}],"replies":[{"embeddable":true,"href":"https:\/\/www.ambienteyenergia.gob.ec\/ambiente\/wp-json\/wp\/v2\/comments?post=15737"}],"version-history":[{"count":0,"href":"https:\/\/www.ambienteyenergia.gob.ec\/ambiente\/wp-json\/wp\/v2\/posts\/15737\/revisions"}],"wp:featuredmedia":[{"embeddable":true,"href":"https:\/\/www.ambienteyenergia.gob.ec\/ambiente\/wp-json\/wp\/v2\/media\/15742"}],"wp:attachment":[{"href":"https:\/\/www.ambienteyenergia.gob.ec\/ambiente\/wp-json\/wp\/v2\/media?parent=15737"}],"wp:term":[{"taxonomy":"category","embeddable":true,"href":"https:\/\/www.ambienteyenergia.gob.ec\/ambiente\/wp-json\/wp\/v2\/categories?post=15737"},{"taxonomy":"post_tag","embeddable":true,"href":"https:\/\/www.ambienteyenergia.gob.ec\/ambiente\/wp-json\/wp\/v2\/tags?post=15737"}],"curies":[{"name":"wp","href":"https:\/\/api.w.org\/{rel}","templated":true}]}}