{"id":15733,"date":"2013-10-04T08:59:33","date_gmt":"2013-10-04T13:59:33","guid":{"rendered":"http:\/\/www.ambiente.gob.ec\/?p=15733"},"modified":"2013-10-04T08:59:33","modified_gmt":"2013-10-04T13:59:33","slug":"mas-de-12-toneladas-de-langosta-capturadas-en-el-primer-mes-de-pesqueria","status":"publish","type":"post","link":"https:\/\/www.ambienteyenergia.gob.ec\/ambiente\/mas-de-12-toneladas-de-langosta-capturadas-en-el-primer-mes-de-pesqueria\/","title":{"rendered":"M\u00e1s de 12 toneladas de langosta capturadas en el primer mes de pesquer\u00eda"},"content":{"rendered":"<p style=\"text-align: justify;\"><em>El Ministerio del Ambiente (MAE), a trav\u00e9s de la Direcci\u00f3n del Parque Nacional Gal\u00e1pagos (DPNG), mantiene un registro permanente de los datos de captura.<\/em><\/p>\n<p style=\"text-align: justify;\">El pasado 20 de septiembre, se cumpli\u00f3 el primer mes de pesquer\u00eda de langosta espinosa dentro de la Reserva Marina de Gal\u00e1pagos (RMG), actividad permitida hasta el 30 de diciembre de 2013, o hasta que se cumpla con la cuota m\u00e1xima de captura establecida en 46 toneladas m\u00e9tricas de cola de langosta.<\/p>\n<p style=\"text-align: justify;\">La DPNG, que ha dado seguimiento al desarrollo de esta pesquer\u00eda, informa que durante el primer mes se capturaron 10 521 kilogramos de cola de langosta roja y 1 827 kilogramos de cola de langosta verde, lo que totaliza 12 35 toneladas m\u00e9tricas de este recurso.<\/p>\n<p style=\"text-align: justify;\">En los tres puertos autorizados para el desembarque, se registraron los siguientes datos: en Puerto Ayora (Santa Cruz) 4 277 kilogramos; en Puerto Villamil (Isabela) 3 404 kilogramos; y en Puerto Baquerizo Moreno (San Crist\u00f3bal) 4 668 kilogramos.<\/p>\n<p style=\"text-align: justify;\">De igual manera se decomisaron 33 kilos de colas de langosta, por no cumplir con la talla m\u00ednima establecida para su captura. Para comercializaci\u00f3n fueron remitidas al Ecuador continental 6,32 toneladas m\u00e9tricas, con las respectivas gu\u00edas de movilizaci\u00f3n.<\/p>\n<p style=\"text-align: justify;\">Los 304 pescadores que participan de esta actividad (seg\u00fan la informaci\u00f3n del monitoreo diario) deben sujetarse a las diferentes regulaciones establecidas por la DPNG, para garantizar la sustentabilidad de este recurso.<\/p>\n","protected":false},"excerpt":{"rendered":"<p class=\"excerpt\">El Ministerio del Ambiente (MAE), a trav\u00e9s de la Direcci\u00f3n del Parque Nacional Gal\u00e1pagos (DPNG), mantiene un registro permanente de los datos de captura. El pasado 20 de septiembre, se cumpli\u00f3 el primer mes de pesquer\u00eda de langosta espinosa dentro de la Reserva Marina de Gal\u00e1pagos (RMG), actividad permitida hasta el 30 de diciembre de 2013, o hasta que se&hellip; <a href=\"https:\/\/www.ambienteyenergia.gob.ec\/ambiente\/mas-de-12-toneladas-de-langosta-capturadas-en-el-primer-mes-de-pesqueria\/\">Read more &rarr;<\/a><\/p>\n","protected":false},"author":13,"featured_media":15734,"comment_status":"open","ping_status":"open","sticky":false,"template":"","format":"standard","meta":{"footnotes":""},"categories":[16,4],"tags":[],"class_list":["post-15733","post","type-post","status-publish","format-standard","has-post-thumbnail","hentry","category-comunicamos","category-noticias","xfolkentry"],"_links":{"self":[{"href":"https:\/\/www.ambienteyenergia.gob.ec\/ambiente\/wp-json\/wp\/v2\/posts\/15733","targetHints":{"allow":["GET"]}}],"collection":[{"href":"https:\/\/www.ambienteyenergia.gob.ec\/ambiente\/wp-json\/wp\/v2\/posts"}],"about":[{"href":"https:\/\/www.ambienteyenergia.gob.ec\/ambiente\/wp-json\/wp\/v2\/types\/post"}],"author":[{"embeddable":true,"href":"https:\/\/www.ambienteyenergia.gob.ec\/ambiente\/wp-json\/wp\/v2\/users\/13"}],"replies":[{"embeddable":true,"href":"https:\/\/www.ambienteyenergia.gob.ec\/ambiente\/wp-json\/wp\/v2\/comments?post=15733"}],"version-history":[{"count":0,"href":"https:\/\/www.ambienteyenergia.gob.ec\/ambiente\/wp-json\/wp\/v2\/posts\/15733\/revisions"}],"wp:featuredmedia":[{"embeddable":true,"href":"https:\/\/www.ambienteyenergia.gob.ec\/ambiente\/wp-json\/wp\/v2\/media\/15734"}],"wp:attachment":[{"href":"https:\/\/www.ambienteyenergia.gob.ec\/ambiente\/wp-json\/wp\/v2\/media?parent=15733"}],"wp:term":[{"taxonomy":"category","embeddable":true,"href":"https:\/\/www.ambienteyenergia.gob.ec\/ambiente\/wp-json\/wp\/v2\/categories?post=15733"},{"taxonomy":"post_tag","embeddable":true,"href":"https:\/\/www.ambienteyenergia.gob.ec\/ambiente\/wp-json\/wp\/v2\/tags?post=15733"}],"curies":[{"name":"wp","href":"https:\/\/api.w.org\/{rel}","templated":true}]}}