{"id":15731,"date":"2013-09-30T12:25:04","date_gmt":"2013-09-30T17:25:04","guid":{"rendered":"http:\/\/www.ambiente.gob.ec\/?p=15731"},"modified":"2013-10-03T20:27:34","modified_gmt":"2013-10-04T01:27:34","slug":"cambio-climatico-un-eje-primordial-para-el-ministerio-del-ambiente","status":"publish","type":"post","link":"https:\/\/www.ambienteyenergia.gob.ec\/ambiente\/cambio-climatico-un-eje-primordial-para-el-ministerio-del-ambiente\/","title":{"rendered":"Cambio Clim\u00e1tico, un eje primordial para el Ministerio del Ambiente"},"content":{"rendered":"<p style=\"text-align: justify;\">El cambio clim\u00e1tico es una de las m\u00e1s grandes amenazas que tiene el planeta. La frecuencia y la intensidad que existe en eventos clim\u00e1ticos indican que no se trata de algo te\u00f3rico, sino que es un tema que afecta a todos y que conlleva un trabajo de car\u00e1cter p\u00fablico y una toma de decisiones para poder enfrentarlo.<\/p>\n<p style=\"text-align: justify;\">En ese sentido, el Ministerio del Ambiente (MAE), a trav\u00e9s de la Subsecretar\u00eda de Cambio Clim\u00e1tico, impulsa iniciativas que promueven la reducci\u00f3n de la vulnerabilidad y el aumento de la resiliencia frente al cambio clim\u00e1tico; la reducci\u00f3n de Gases de Efecto de Invernadero (GEI); el cambio de la matriz energ\u00e9tica y productiva; y el fomento de procesos que dinamicen el desarrollo sostenible.<\/p>\n<p style=\"text-align: justify;\">Desde la Autoridad Ambiental se han aplicado estrategias para enfrentar el cambio clim\u00e1tico como son la adaptaci\u00f3n y la mitigaci\u00f3n. Entre sus prioridades se consideran, gestionar la informaci\u00f3n y conocimiento de cambio clim\u00e1tico en el Ecuador; formular pol\u00edticas y normativas sobre cambio clim\u00e1tico y su articulaci\u00f3n con los entes nacionales, subnacionales y sociedad civil; fortalecer capacidades y condiciones en las entidades a nivel nacional, para facilitar la transversalizaci\u00f3n y la inclusi\u00f3n de criterios de cambio clim\u00e1tico en la planificaci\u00f3n territorial; y, facilitar el uso de mecanismos, herramientas tecnol\u00f3gicas y de financiamiento para la implementaci\u00f3n de medidas de mitigaci\u00f3n y adaptaci\u00f3n en el territorio nacional.<\/p>\n<p style=\"text-align: justify;\">El gobierno del Ecuador ha priorizado la gesti\u00f3n del cambio clim\u00e1tico y fortalecido su institucionalidad y marco legal. En el 2009, el Presidente de la Rep\u00fablica, Rafael Correa declar\u00f3 como Pol\u00edtica de Estado la adaptaci\u00f3n y mitigaci\u00f3n al cambio clim\u00e1tico, y desde entonces se emprendieron varias acciones para tratar de implantar pol\u00edticas encaminadas a su mitigaci\u00f3n.<\/p>\n<p style=\"text-align: justify;\">Para ello, la pol\u00edtica de Cambio Clim\u00e1tico en el Ecuador cuenta con algunos instrumentos de car\u00e1cter legal, entre ellos, la Constituci\u00f3n del 2008 que en su Art. 414 establece el compromiso del Estado ecuatoriano para adoptar medidas frente al cambio clim\u00e1tico.<\/p>\n<p style=\"text-align: justify;\">Por otra parte, est\u00e1 el Plan Nacional del Buen Vivir 2013 \u2013 2017 en la que se garantiza los derechos de la naturaleza y se promueve una sostenibilidad territorial y global. Y finalmente, la Pol\u00edtica Ambiental que establece como prioridad la necesidad de gestionar la adaptaci\u00f3n y mitigaci\u00f3n frente a este fen\u00f3meno, adem\u00e1s, de disminuir la vulnerabilidad social, econ\u00f3mica y ambiental<\/p>\n<p style=\"text-align: justify;\">El Ministerio del Ambiente, como principal Autoridad Ambiental, con el inter\u00e9s de aunarse en la lucha internacional en contra del calentamiento global, en dar respuesta a sus consecuencias a nivel local ejecuta estrategias y mecanismos, con el fin de promover un ambiente m\u00e1s sano como lo contempla la Constituci\u00f3n.<\/p>\n<p style=\"text-align: justify;\">\n<p style=\"text-align: justify;\">\n","protected":false},"excerpt":{"rendered":"<p class=\"excerpt\">El cambio clim\u00e1tico es una de las m\u00e1s grandes amenazas que tiene el planeta. La frecuencia y la intensidad que existe en eventos clim\u00e1ticos indican que no se trata de algo te\u00f3rico, sino que es un tema que afecta a todos y que conlleva un trabajo de car\u00e1cter p\u00fablico y una toma de decisiones para poder enfrentarlo. En ese sentido,&hellip; <a href=\"https:\/\/www.ambienteyenergia.gob.ec\/ambiente\/cambio-climatico-un-eje-primordial-para-el-ministerio-del-ambiente\/\">Read more &rarr;<\/a><\/p>\n","protected":false},"author":13,"featured_media":15687,"comment_status":"open","ping_status":"open","sticky":false,"template":"","format":"standard","meta":{"footnotes":""},"categories":[16,4],"tags":[],"class_list":["post-15731","post","type-post","status-publish","format-standard","has-post-thumbnail","hentry","category-comunicamos","category-noticias","xfolkentry"],"_links":{"self":[{"href":"https:\/\/www.ambienteyenergia.gob.ec\/ambiente\/wp-json\/wp\/v2\/posts\/15731","targetHints":{"allow":["GET"]}}],"collection":[{"href":"https:\/\/www.ambienteyenergia.gob.ec\/ambiente\/wp-json\/wp\/v2\/posts"}],"about":[{"href":"https:\/\/www.ambienteyenergia.gob.ec\/ambiente\/wp-json\/wp\/v2\/types\/post"}],"author":[{"embeddable":true,"href":"https:\/\/www.ambienteyenergia.gob.ec\/ambiente\/wp-json\/wp\/v2\/users\/13"}],"replies":[{"embeddable":true,"href":"https:\/\/www.ambienteyenergia.gob.ec\/ambiente\/wp-json\/wp\/v2\/comments?post=15731"}],"version-history":[{"count":0,"href":"https:\/\/www.ambienteyenergia.gob.ec\/ambiente\/wp-json\/wp\/v2\/posts\/15731\/revisions"}],"wp:featuredmedia":[{"embeddable":true,"href":"https:\/\/www.ambienteyenergia.gob.ec\/ambiente\/wp-json\/wp\/v2\/media\/15687"}],"wp:attachment":[{"href":"https:\/\/www.ambienteyenergia.gob.ec\/ambiente\/wp-json\/wp\/v2\/media?parent=15731"}],"wp:term":[{"taxonomy":"category","embeddable":true,"href":"https:\/\/www.ambienteyenergia.gob.ec\/ambiente\/wp-json\/wp\/v2\/categories?post=15731"},{"taxonomy":"post_tag","embeddable":true,"href":"https:\/\/www.ambienteyenergia.gob.ec\/ambiente\/wp-json\/wp\/v2\/tags?post=15731"}],"curies":[{"name":"wp","href":"https:\/\/api.w.org\/{rel}","templated":true}]}}