{"id":15724,"date":"2013-10-03T09:44:21","date_gmt":"2013-10-03T14:44:21","guid":{"rendered":"http:\/\/www.ambiente.gob.ec\/?p=15724"},"modified":"2013-10-03T09:44:21","modified_gmt":"2013-10-03T14:44:21","slug":"dos-incendios-fueron-controlados-totalmente-en-chimborazo","status":"publish","type":"post","link":"https:\/\/www.ambienteyenergia.gob.ec\/ambiente\/dos-incendios-fueron-controlados-totalmente-en-chimborazo\/","title":{"rendered":"Dos incendios fueron controlados totalmente en Chimborazo"},"content":{"rendered":"<p style=\"text-align: justify;\">Ayer, el Ministerio del Ambiente (MAE), en coordinaci\u00f3n con el Cuerpo de Bomberos de Colta, logr\u00f3 controlar totalmente un incendio, que inici\u00f3 el pasado 1 de octubre, en una plantaci\u00f3n de pino (Pinus radiata) en los p\u00e1ramos del sector de Mapagui\u00f1a perteneciente a la parroquia Achupallas, provincia de Chimborazo. El \u00e1rea afectada es de aproximadamente 70 hect\u00e1reas.<\/p>\n<p style=\"text-align: justify;\">Guardaparques, que realizaban el control de caza y pesca en los p\u00e1ramos del sector, identificaron el fuego e inmediatamente solicitaron apoyo a los bomberos de los cantones Alausi, Guamote y Chunchi. Asimismo, personal de la unidad forestal del MAE se moviliz\u00f3 al lugar para tratar de controlar las llamas.<\/p>\n<p style=\"text-align: justify;\">Los fuertes vientos complicaron la actividad, pero finalmente se logr\u00f3 apagar el incendio en su totalidad.<\/p>\n<p style=\"text-align: justify;\">Simult\u00e1neamente, en el cant\u00f3n Colta se produjo otro flagelo en los p\u00e1ramos del sector Cuasitipud. Guardaparques de la Reserva Chimborazo, tras ser alertados, se trasladaron a la zona para tomar acciones y sofocar el fuego antes de que se extienda. Gracias a la intervenci\u00f3n y el trabajo coordinado entre el MAE y los bomberos fue controlado.<\/p>\n<p style=\"text-align: justify;\">Cabe resaltar, que ambos incendios se produjeron fuera de las \u00e1reas protegidas y de bosques protectores.<\/p>\n<p style=\"text-align: justify;\">El MAE, como principal Autoridad Ambiental, realizar\u00e1 las gestiones correspondientes ante la Fiscal\u00eda de los cantones de Alaus\u00ed y Colta, para iniciar con las investigaciones.<\/p>\n<div id='gallery-1' class='gallery galleryid-15724 gallery-columns-4 gallery-size-thumbnail'><dl class='gallery-item'>\n\t\t\t<dt class='gallery-icon landscape'>\n\t\t\t\t<a href='https:\/\/www.ambienteyenergia.gob.ec\/ambiente\/dos-incendios-fueron-controlados-totalmente-en-chimborazo\/1-61\/'><img loading=\"lazy\" decoding=\"async\" width=\"150\" height=\"150\" src=\"https:\/\/www.ambienteyenergia.gob.ec\/ambiente\/wp-content\/uploads\/sites\/2\/2013\/10\/1-150x150.jpg\" class=\"attachment-thumbnail size-thumbnail\" alt=\"\" \/><\/a>\n\t\t\t<\/dt><\/dl><dl class='gallery-item'>\n\t\t\t<dt class='gallery-icon landscape'>\n\t\t\t\t<a href='https:\/\/www.ambienteyenergia.gob.ec\/ambiente\/dos-incendios-fueron-controlados-totalmente-en-chimborazo\/2-48\/'><img loading=\"lazy\" decoding=\"async\" width=\"150\" height=\"150\" src=\"https:\/\/www.ambienteyenergia.gob.ec\/ambiente\/wp-content\/uploads\/sites\/2\/2013\/10\/2-150x150.jpg\" class=\"attachment-thumbnail size-thumbnail\" alt=\"\" \/><\/a>\n\t\t\t<\/dt><\/dl><dl class='gallery-item'>\n\t\t\t<dt class='gallery-icon landscape'>\n\t\t\t\t<a href='https:\/\/www.ambienteyenergia.gob.ec\/ambiente\/dos-incendios-fueron-controlados-totalmente-en-chimborazo\/3-33\/'><img loading=\"lazy\" decoding=\"async\" width=\"150\" height=\"150\" src=\"https:\/\/www.ambienteyenergia.gob.ec\/ambiente\/wp-content\/uploads\/sites\/2\/2013\/10\/3-150x150.jpg\" class=\"attachment-thumbnail size-thumbnail\" alt=\"\" \/><\/a>\n\t\t\t<\/dt><\/dl>\n\t\t\t<br style='clear: both' \/>\n\t\t<\/div>\n\n<p style=\"text-align: justify;\">\n","protected":false},"excerpt":{"rendered":"<p class=\"excerpt\">Ayer, el Ministerio del Ambiente (MAE), en coordinaci\u00f3n con el Cuerpo de Bomberos de Colta, logr\u00f3 controlar totalmente un incendio, que inici\u00f3 el pasado 1 de octubre, en una plantaci\u00f3n de pino (Pinus radiata) en los p\u00e1ramos del sector de Mapagui\u00f1a perteneciente a la parroquia Achupallas, provincia de Chimborazo. El \u00e1rea afectada es de aproximadamente 70 hect\u00e1reas. Guardaparques, que realizaban&hellip; <a href=\"https:\/\/www.ambienteyenergia.gob.ec\/ambiente\/dos-incendios-fueron-controlados-totalmente-en-chimborazo\/\">Read more &rarr;<\/a><\/p>\n","protected":false},"author":13,"featured_media":15725,"comment_status":"open","ping_status":"open","sticky":false,"template":"","format":"standard","meta":{"footnotes":""},"categories":[16,4],"tags":[],"class_list":["post-15724","post","type-post","status-publish","format-standard","has-post-thumbnail","hentry","category-comunicamos","category-noticias","xfolkentry"],"_links":{"self":[{"href":"https:\/\/www.ambienteyenergia.gob.ec\/ambiente\/wp-json\/wp\/v2\/posts\/15724","targetHints":{"allow":["GET"]}}],"collection":[{"href":"https:\/\/www.ambienteyenergia.gob.ec\/ambiente\/wp-json\/wp\/v2\/posts"}],"about":[{"href":"https:\/\/www.ambienteyenergia.gob.ec\/ambiente\/wp-json\/wp\/v2\/types\/post"}],"author":[{"embeddable":true,"href":"https:\/\/www.ambienteyenergia.gob.ec\/ambiente\/wp-json\/wp\/v2\/users\/13"}],"replies":[{"embeddable":true,"href":"https:\/\/www.ambienteyenergia.gob.ec\/ambiente\/wp-json\/wp\/v2\/comments?post=15724"}],"version-history":[{"count":0,"href":"https:\/\/www.ambienteyenergia.gob.ec\/ambiente\/wp-json\/wp\/v2\/posts\/15724\/revisions"}],"wp:featuredmedia":[{"embeddable":true,"href":"https:\/\/www.ambienteyenergia.gob.ec\/ambiente\/wp-json\/wp\/v2\/media\/15725"}],"wp:attachment":[{"href":"https:\/\/www.ambienteyenergia.gob.ec\/ambiente\/wp-json\/wp\/v2\/media?parent=15724"}],"wp:term":[{"taxonomy":"category","embeddable":true,"href":"https:\/\/www.ambienteyenergia.gob.ec\/ambiente\/wp-json\/wp\/v2\/categories?post=15724"},{"taxonomy":"post_tag","embeddable":true,"href":"https:\/\/www.ambienteyenergia.gob.ec\/ambiente\/wp-json\/wp\/v2\/tags?post=15724"}],"curies":[{"name":"wp","href":"https:\/\/api.w.org\/{rel}","templated":true}]}}