{"id":15714,"date":"2013-10-02T15:16:43","date_gmt":"2013-10-02T20:16:43","guid":{"rendered":"http:\/\/www.ambiente.gob.ec\/?p=15714"},"modified":"2013-10-02T15:16:43","modified_gmt":"2013-10-02T20:16:43","slug":"mae-solvento-inquietudes-y-escucho-propuestas-de-alrededor-de-50-representantes-madereros-de-esmeraldas","status":"publish","type":"post","link":"https:\/\/www.ambienteyenergia.gob.ec\/ambiente\/mae-solvento-inquietudes-y-escucho-propuestas-de-alrededor-de-50-representantes-madereros-de-esmeraldas\/","title":{"rendered":"MAE solvent\u00f3 inquietudes y escuch\u00f3 propuestas de alrededor de 50 representantes madereros de Esmeraldas"},"content":{"rendered":"<p style=\"text-align: justify;\">Ayer, el Ministerio del Ambiente (MAE) se reuni\u00f3 con alrededor de 50 representantes de las Asociaciones de Madereros de los cantones San Lorenzo y Eloy Alfaro, y representante del sector maderero de la zona norte de la provincia de Esmeraldas, con el objetivo de informar y aclarar algunas inquietudes sobre el Estado de Excepci\u00f3n forestal, que rige desde el pasado 23 de septiembre, mediante Decreto Presidencial N\u00b0 116.<\/p>\n<p style=\"text-align: justify;\">La Directora Provincial de Esmeraldas, Narcisa C\u00e1rdenas, y al Gobernador, Rafael Lemos, expusieron a los representantes del sector de peque\u00f1os madereros, las implicaciones que tiene esta medida y lo que se busca a trav\u00e9s de la misma.<\/p>\n<p style=\"text-align: justify;\">\u201cTodos queremos fomentar el aprovechamiento forestal sostenible y coincidimos en que ese es el objetivo del Decreto 116, emitido por el Presidente de la Rep\u00fablica, Rafael Correa. Asimismo, concordamos en la sensibilidad que debemos tener todos, para analizar este tema, pues implica una problem\u00e1tica para las comunidades y personas que viven de esta actividad\u201d, afirm\u00f3 C\u00e1rdenas.<\/p>\n<p style=\"text-align: justify;\">La Directora Provincial despej\u00f3 las interrogantes de los madereros como la prohibici\u00f3n de ejercer la actividad, aclar\u00f3 que el Decreto manifiesta la prohibici\u00f3n de la emisi\u00f3n de licencias de Aprovechamiento Forestal en bosque nativo.<\/p>\n<p style=\"text-align: justify;\">Con este Decreto se busca fomentar el aprovechamiento forestal sostenible, a trav\u00e9s de medidas como la prohibici\u00f3n para emitir permisos del aprovechamiento en bosque nativo y la renovaci\u00f3n de los existentes. Adem\u00e1s, como parte de este proceso se realizar\u00e1n auditor\u00edas a todos los permisos de tala otorgados por esta Cartera de Estado. La finalidad de esta medida es operativizar un plan para frenar la tala ilegal del bosque nativo y de regeneraci\u00f3n natural, en la provincia de Esmeraldas.<\/p>\n<p style=\"text-align: justify;\">Adem\u00e1s, \u201cel decreto establece que vamos a generar como Ministerio del Ambiente, las condiciones metodol\u00f3gicas participativas, que permitan conjuntamente a todos los actores elaborar una propuesta, para el nuevo maco normativa\u201d, asegur\u00f3 C\u00e1rdenas.<\/p>\n<p style=\"text-align: justify;\">Para este plan de acci\u00f3n, el MAE dispuso la adquisici\u00f3n de\u00a0 equipamiento, tecnolog\u00eda de punta, contrataci\u00f3n de personal, t\u00e9cnicos para la revisi\u00f3n y supervisi\u00f3n de permisos, asi como un programa robusto de incentivos para el manejo forestal sostenible.<\/p>\n<p style=\"text-align: justify;\">C\u00e1rdenas tambi\u00e9n explic\u00f3 detalles de los objetivos estrat\u00e9gicos del programa de protecci\u00f3n de bosques Socio Bosques, que busca conservar y proteger 4 millones de hect\u00e1reas de ecosistemas nativos a nivel nacional.<\/p>\n<p style=\"text-align: justify;\">Por su parte, el sector maderero se comprometi\u00f3 a trabajar con el Gobierno, en los proyectos de reforestaci\u00f3n e incentivos propuestos por el Ministerio del Ambiente, como manifest\u00f3 John Raad, de la Asociaci\u00f3n de Madereros de San Lorenzo.<\/p>\n<p style=\"text-align: justify;\">Ricardo Astudillo, presidente de la Cooperativa de Madereros de la parroquia Borb\u00f3n, que agrupa unos 25 socios, felicit\u00f3 esta iniciativa del Presidente y de la Ministra del Ambiente, Lorena Tapia, que pretende corregir todo tipo de aprovechamiento irregular del bosque.<\/p>\n<p style=\"text-align: justify;\">Finalmente, se recalc\u00f3 que los operativos de control, la verificaci\u00f3n del origen de la madera y la legalidad de la documentaci\u00f3n est\u00e1n a cargo de t\u00e9cnicos del MAE, con el apoyo y la seguridad de la Polic\u00eda y Fuerzas Armadas.<\/p>\n<p style=\"text-align: justify;\">El MAE, como principal organismo rector ambiental del pa\u00eds, velar\u00e1 por el cumplimiento de estas acciones que permitir\u00e1n al Ecuador responder a una cultura forestal sostenible, que beneficie a las actuales y futuras generaciones.<\/p>\n<p style=\"text-align: justify;\">\n","protected":false},"excerpt":{"rendered":"<p class=\"excerpt\">Ayer, el Ministerio del Ambiente (MAE) se reuni\u00f3 con alrededor de 50 representantes de las Asociaciones de Madereros de los cantones San Lorenzo y Eloy Alfaro, y representante del sector maderero de la zona norte de la provincia de Esmeraldas, con el objetivo de informar y aclarar algunas inquietudes sobre el Estado de Excepci\u00f3n forestal, que rige desde el pasado&hellip; <a href=\"https:\/\/www.ambienteyenergia.gob.ec\/ambiente\/mae-solvento-inquietudes-y-escucho-propuestas-de-alrededor-de-50-representantes-madereros-de-esmeraldas\/\">Read more &rarr;<\/a><\/p>\n","protected":false},"author":13,"featured_media":15715,"comment_status":"open","ping_status":"open","sticky":false,"template":"","format":"standard","meta":{"footnotes":""},"categories":[16,4],"tags":[],"class_list":["post-15714","post","type-post","status-publish","format-standard","has-post-thumbnail","hentry","category-comunicamos","category-noticias","xfolkentry"],"_links":{"self":[{"href":"https:\/\/www.ambienteyenergia.gob.ec\/ambiente\/wp-json\/wp\/v2\/posts\/15714","targetHints":{"allow":["GET"]}}],"collection":[{"href":"https:\/\/www.ambienteyenergia.gob.ec\/ambiente\/wp-json\/wp\/v2\/posts"}],"about":[{"href":"https:\/\/www.ambienteyenergia.gob.ec\/ambiente\/wp-json\/wp\/v2\/types\/post"}],"author":[{"embeddable":true,"href":"https:\/\/www.ambienteyenergia.gob.ec\/ambiente\/wp-json\/wp\/v2\/users\/13"}],"replies":[{"embeddable":true,"href":"https:\/\/www.ambienteyenergia.gob.ec\/ambiente\/wp-json\/wp\/v2\/comments?post=15714"}],"version-history":[{"count":0,"href":"https:\/\/www.ambienteyenergia.gob.ec\/ambiente\/wp-json\/wp\/v2\/posts\/15714\/revisions"}],"wp:featuredmedia":[{"embeddable":true,"href":"https:\/\/www.ambienteyenergia.gob.ec\/ambiente\/wp-json\/wp\/v2\/media\/15715"}],"wp:attachment":[{"href":"https:\/\/www.ambienteyenergia.gob.ec\/ambiente\/wp-json\/wp\/v2\/media?parent=15714"}],"wp:term":[{"taxonomy":"category","embeddable":true,"href":"https:\/\/www.ambienteyenergia.gob.ec\/ambiente\/wp-json\/wp\/v2\/categories?post=15714"},{"taxonomy":"post_tag","embeddable":true,"href":"https:\/\/www.ambienteyenergia.gob.ec\/ambiente\/wp-json\/wp\/v2\/tags?post=15714"}],"curies":[{"name":"wp","href":"https:\/\/api.w.org\/{rel}","templated":true}]}}