{"id":15712,"date":"2013-10-02T15:12:59","date_gmt":"2013-10-02T20:12:59","guid":{"rendered":"http:\/\/www.ambiente.gob.ec\/?p=15712"},"modified":"2013-10-02T15:40:42","modified_gmt":"2013-10-02T20:40:42","slug":"mae-apoya-la-reduccion-de-emisiones-de-gases-de-efecto-invernadero-en-el-sector-energetico","status":"publish","type":"post","link":"https:\/\/www.ambienteyenergia.gob.ec\/ambiente\/mae-apoya-la-reduccion-de-emisiones-de-gases-de-efecto-invernadero-en-el-sector-energetico\/","title":{"rendered":"MAE apoya la reducci\u00f3n de emisiones de Gases de Efecto Invernadero en el sector energ\u00e9tico"},"content":{"rendered":"<p style=\"text-align: justify;\">Ayer, el Ministerio del Ambiente (MAE), a trav\u00e9s de la Subsecretar\u00eda de Cambio Clim\u00e1tico, particip\u00f3 en el encuentro denominado \u201cEvaluaci\u00f3n r\u00e1pida y an\u00e1lisis de brechas en el sector energ\u00e9tico\u201d,. El evento fue organizado por el Ministerio de Electricidad y Energ\u00eda Renovable (MEER), el Banco Interamericano de Desarrollo (BID) y el Programa de Naciones Unidas para el Desarrollo (PNUD).<\/p>\n<p style=\"text-align: justify;\">La iniciativa en menci\u00f3n busca asegurar el acceso de energ\u00eda sostenible universal, mayor eficiencia energ\u00e9tica a nivel global y mayor participaci\u00f3n de energ\u00edas limpias en la matriz energ\u00e9tica mundial. Gabriel Jaramillo, Especialista del \u00c1rea de Ambiente, Energ\u00eda y Riesgos del PNUD, dijo que \u201cEcuador est\u00e1 muy bien posicionado para esto, hay un trabajo muy importante del Estado con una pol\u00edtica muy clara a nivel nacional\u201d.<\/p>\n<p style=\"text-align: justify;\">En este contexto el evento cont\u00f3 con la intervenci\u00f3n de Eduardo Noboa, Subsecretario de Cambio Clim\u00e1tico, quien expuso sobre la manera en que el MAE apoya la reducci\u00f3n de emisiones de Gases de Efecto Invernadero (GEI) en el sector energ\u00e9tico, por medio de diferentes programas e iniciativas.<\/p>\n<p style=\"text-align: justify;\">\u201cEl Ministerio del Ambiente es la Autoridad Nacional del Mecanismo de Desarrollo Limpio (MDL) que nace del Protocolo de Kioto. En el Ecuador hay un total de 25 proyectos registrados con una reducci\u00f3n de 1 mill\u00f3n de toneladas de CO2 aproximadamente. Actualmente hay 14 proyectos p\u00fablicos que est\u00e1n en proceso de registro y 11 de ellos son centrales hidroel\u00e9ctricas\u201d, inform\u00f3 Noboa a los presentes.<\/p>\n<p style=\"text-align: justify;\">Durante la exposici\u00f3n, los asistentes conocieron sobre una de las iniciativas que est\u00e1 desarrollando esta Cartera de Estado, denominada certificaci\u00f3n \u201cCarbono Neutral\u201d, a la cual podr\u00e1n acceder instituciones p\u00fablicas y privadas con el objetivo de reducir sus emisiones de GEI y recibir beneficios fiscales, arancelarios, cr\u00e9ditos verdes, impuestos verdes, imagen corporativa socioambientales.<\/p>\n<p style=\"text-align: justify;\">El Subsecretario de Cambio Clim\u00e1tico, durante su exposici\u00f3n, resalt\u00f3 el Acuerdo Ministerial Nro. 89, mismo que establece al MAE como la Autoridad Nacional que regula las Acciones de Mitigaci\u00f3n Nacionalmente Apropiadas (NAMAs por sus siglas en ingl\u00e9s), las cuales constituyen un prometedor instrumento para reducir las emisiones de GEI en los pa\u00edses en v\u00edas de desarrollo. Estas acciones, adem\u00e1s de elaborarse de manera voluntaria y adecuada a la realidad de cada pa\u00eds, tienen el potencial de captar financiamiento, acceso a tecnolog\u00eda y apoyo para la construcci\u00f3n de capacidades.<\/p>\n<p style=\"text-align: justify;\">Noboa, al finalizar su intervenci\u00f3n indic\u00f3 a los presentes, que el MAE realiz\u00f3 un ejercicio de identificaci\u00f3n de NAMAs en el sector energ\u00e9tico, determinando los programas que podr\u00edan ser considerados como una NAMA y desarrollarse con un criterio de cambio clim\u00e1tico. Asimismo, a\u00f1adi\u00f3 que entre las Acciones de Mitigaci\u00f3n, actualmente en desarrollo, est\u00e1n la eficiencia energ\u00e9tica en el transporte a nivel nacional, el desarrollo de peque\u00f1as y medianas hidroel\u00e9ctricas, electricidad para cocinas eficientes, entre otras. En este emprendimiento participan actores claves del sector energ\u00e9tico del pa\u00eds.<\/p>\n<p style=\"text-align: justify;\">En la segunda parte del evento los asistentes realizaron una evaluaci\u00f3n para establecer una hoja de ruta y cerrar las brechas para alcanzar la iniciativa \u201cEnerg\u00eda sostenible para todos\u201d.<\/p>\n<div id='gallery-1' class='gallery galleryid-15712 gallery-columns-4 gallery-size-thumbnail'><dl class='gallery-item'>\n\t\t\t<dt class='gallery-icon landscape'>\n\t\t\t\t<a href='https:\/\/www.ambienteyenergia.gob.ec\/ambiente\/mae-apoya-la-reduccion-de-emisiones-de-gases-de-efecto-invernadero-en-el-sector-energetico\/cc-3\/'><img loading=\"lazy\" decoding=\"async\" width=\"150\" height=\"150\" src=\"https:\/\/www.ambienteyenergia.gob.ec\/ambiente\/wp-content\/uploads\/sites\/2\/2013\/10\/cc-150x150.jpg\" class=\"attachment-thumbnail size-thumbnail\" alt=\"\" \/><\/a>\n\t\t\t<\/dt><\/dl><dl class='gallery-item'>\n\t\t\t<dt class='gallery-icon landscape'>\n\t\t\t\t<a href='https:\/\/www.ambienteyenergia.gob.ec\/ambiente\/mae-apoya-la-reduccion-de-emisiones-de-gases-de-efecto-invernadero-en-el-sector-energetico\/cc2-6\/'><img loading=\"lazy\" decoding=\"async\" width=\"150\" height=\"150\" src=\"https:\/\/www.ambienteyenergia.gob.ec\/ambiente\/wp-content\/uploads\/sites\/2\/2013\/10\/cc2-150x150.jpg\" class=\"attachment-thumbnail size-thumbnail\" alt=\"\" \/><\/a>\n\t\t\t<\/dt><\/dl>\n\t\t\t<br style='clear: both' \/>\n\t\t<\/div>\n\n","protected":false},"excerpt":{"rendered":"<p class=\"excerpt\">Ayer, el Ministerio del Ambiente (MAE), a trav\u00e9s de la Subsecretar\u00eda de Cambio Clim\u00e1tico, particip\u00f3 en el encuentro denominado \u201cEvaluaci\u00f3n r\u00e1pida y an\u00e1lisis de brechas en el sector energ\u00e9tico\u201d,. El evento fue organizado por el Ministerio de Electricidad y Energ\u00eda Renovable (MEER), el Banco Interamericano de Desarrollo (BID) y el Programa de Naciones Unidas para el Desarrollo (PNUD). La iniciativa&hellip; <a href=\"https:\/\/www.ambienteyenergia.gob.ec\/ambiente\/mae-apoya-la-reduccion-de-emisiones-de-gases-de-efecto-invernadero-en-el-sector-energetico\/\">Read more &rarr;<\/a><\/p>\n","protected":false},"author":13,"featured_media":15719,"comment_status":"open","ping_status":"open","sticky":false,"template":"","format":"standard","meta":{"footnotes":""},"categories":[16,4],"tags":[],"class_list":["post-15712","post","type-post","status-publish","format-standard","has-post-thumbnail","hentry","category-comunicamos","category-noticias","xfolkentry"],"_links":{"self":[{"href":"https:\/\/www.ambienteyenergia.gob.ec\/ambiente\/wp-json\/wp\/v2\/posts\/15712","targetHints":{"allow":["GET"]}}],"collection":[{"href":"https:\/\/www.ambienteyenergia.gob.ec\/ambiente\/wp-json\/wp\/v2\/posts"}],"about":[{"href":"https:\/\/www.ambienteyenergia.gob.ec\/ambiente\/wp-json\/wp\/v2\/types\/post"}],"author":[{"embeddable":true,"href":"https:\/\/www.ambienteyenergia.gob.ec\/ambiente\/wp-json\/wp\/v2\/users\/13"}],"replies":[{"embeddable":true,"href":"https:\/\/www.ambienteyenergia.gob.ec\/ambiente\/wp-json\/wp\/v2\/comments?post=15712"}],"version-history":[{"count":0,"href":"https:\/\/www.ambienteyenergia.gob.ec\/ambiente\/wp-json\/wp\/v2\/posts\/15712\/revisions"}],"wp:featuredmedia":[{"embeddable":true,"href":"https:\/\/www.ambienteyenergia.gob.ec\/ambiente\/wp-json\/wp\/v2\/media\/15719"}],"wp:attachment":[{"href":"https:\/\/www.ambienteyenergia.gob.ec\/ambiente\/wp-json\/wp\/v2\/media?parent=15712"}],"wp:term":[{"taxonomy":"category","embeddable":true,"href":"https:\/\/www.ambienteyenergia.gob.ec\/ambiente\/wp-json\/wp\/v2\/categories?post=15712"},{"taxonomy":"post_tag","embeddable":true,"href":"https:\/\/www.ambienteyenergia.gob.ec\/ambiente\/wp-json\/wp\/v2\/tags?post=15712"}],"curies":[{"name":"wp","href":"https:\/\/api.w.org\/{rel}","templated":true}]}}