{"id":15707,"date":"2013-10-02T12:09:49","date_gmt":"2013-10-02T17:09:49","guid":{"rendered":"http:\/\/www.ambiente.gob.ec\/?p=15707"},"modified":"2013-10-02T12:09:49","modified_gmt":"2013-10-02T17:09:49","slug":"estudiantes-de-diferentes-escuelas-se-capacitaron-en-buenas-practicas-ambientales-loja","status":"publish","type":"post","link":"https:\/\/www.ambienteyenergia.gob.ec\/ambiente\/estudiantes-de-diferentes-escuelas-se-capacitaron-en-buenas-practicas-ambientales-loja\/","title":{"rendered":"Estudiantes de diferentes escuelas se capacitaron en buenas pr\u00e1cticas ambientales (Loja)"},"content":{"rendered":"<p style=\"text-align: justify;\">El proyecto \u201cRed Infantil Guardianes del Planeta\u201d del Ministerio del Ambiente (MAE) inici\u00f3 esta semana en la provincia de Loja, con el objetivo de capacitar a ni\u00f1os y ni\u00f1as de cuarto, quinto y sexto a\u00f1o de educaci\u00f3n b\u00e1sica, sobre buenas pr\u00e1cticas ambientales y la importancia de conservar el ambiente.<\/p>\n<p style=\"text-align: justify;\">Estudiantes de las escuelas Cuarto Centenario Nro.1 y Nro.2, Adolfo Jurado Gonz\u00e1lez, San Francisco de As\u00eds y Benigno Bayancela fueron los primeros en participar de este proceso de educaci\u00f3n ambiental.<\/p>\n<p style=\"text-align: justify;\">A trav\u00e9s de los talleres impartidos por el MAE, los alumnos obtendr\u00e1n mayores conocimientos, que les permitir\u00e1 adquirir aptitudes, actitudes, motivaciones para aportar a la conservaci\u00f3n y disminuir el impacto de los problemas ambientales actuales.<\/p>\n<p style=\"text-align: justify;\">Los alumnos y docentes participaron activamente con preguntas y reflexiones. Por su parte, el instructor del\u00a0 MAE expuso la importancia de la conservaci\u00f3n ambiental y pr\u00e1cticas amigables en nuestro entorno, y a trav\u00e9s de actividades l\u00fadicas se realiz\u00f3 una evaluaci\u00f3n de los conocimientos adquiridos.<\/p>\n<p style=\"text-align: justify;\">Al finalizar las tres horas de capacitaci\u00f3n en cada uno de los centros educativos, se entreg\u00f3 un certificado de reconocimiento por su participaci\u00f3n en el \u201cTaller ecocreativo y sensibilizaci\u00f3n de la Red Infantil Guardianes del Planeta\u201d.<\/p>\n<p style=\"text-align: justify;\"><a href=\"http:\/\/www.ambienteyenergia.gob.ec\/ambiente\/wp-content\/uploads\/2013\/10\/San-Francisco-1.jpg\"><img loading=\"lazy\" decoding=\"async\" class=\"aligncenter size-full wp-image-15709\" title=\"San-Francisco-1\" src=\"http:\/\/www.ambienteyenergia.gob.ec\/ambiente\/wp-content\/uploads\/2013\/10\/San-Francisco-1.jpg\" alt=\"\" width=\"650\" height=\"366\" srcset=\"https:\/\/www.ambienteyenergia.gob.ec\/ambiente\/wp-content\/uploads\/sites\/2\/2013\/10\/San-Francisco-1.jpg 650w, https:\/\/www.ambienteyenergia.gob.ec\/ambiente\/wp-content\/uploads\/sites\/2\/2013\/10\/San-Francisco-1-300x168.jpg 300w, https:\/\/www.ambienteyenergia.gob.ec\/ambiente\/wp-content\/uploads\/sites\/2\/2013\/10\/San-Francisco-1-500x281.jpg 500w\" sizes=\"auto, (max-width: 650px) 100vw, 650px\" \/><\/a><\/p>\n","protected":false},"excerpt":{"rendered":"<p class=\"excerpt\">El proyecto \u201cRed Infantil Guardianes del Planeta\u201d del Ministerio del Ambiente (MAE) inici\u00f3 esta semana en la provincia de Loja, con el objetivo de capacitar a ni\u00f1os y ni\u00f1as de cuarto, quinto y sexto a\u00f1o de educaci\u00f3n b\u00e1sica, sobre buenas pr\u00e1cticas ambientales y la importancia de conservar el ambiente. Estudiantes de las escuelas Cuarto Centenario Nro.1 y Nro.2, Adolfo Jurado&hellip; <a href=\"https:\/\/www.ambienteyenergia.gob.ec\/ambiente\/estudiantes-de-diferentes-escuelas-se-capacitaron-en-buenas-practicas-ambientales-loja\/\">Read more &rarr;<\/a><\/p>\n","protected":false},"author":13,"featured_media":15708,"comment_status":"open","ping_status":"open","sticky":false,"template":"","format":"standard","meta":{"footnotes":""},"categories":[16,4],"tags":[],"class_list":["post-15707","post","type-post","status-publish","format-standard","has-post-thumbnail","hentry","category-comunicamos","category-noticias","xfolkentry"],"_links":{"self":[{"href":"https:\/\/www.ambienteyenergia.gob.ec\/ambiente\/wp-json\/wp\/v2\/posts\/15707","targetHints":{"allow":["GET"]}}],"collection":[{"href":"https:\/\/www.ambienteyenergia.gob.ec\/ambiente\/wp-json\/wp\/v2\/posts"}],"about":[{"href":"https:\/\/www.ambienteyenergia.gob.ec\/ambiente\/wp-json\/wp\/v2\/types\/post"}],"author":[{"embeddable":true,"href":"https:\/\/www.ambienteyenergia.gob.ec\/ambiente\/wp-json\/wp\/v2\/users\/13"}],"replies":[{"embeddable":true,"href":"https:\/\/www.ambienteyenergia.gob.ec\/ambiente\/wp-json\/wp\/v2\/comments?post=15707"}],"version-history":[{"count":0,"href":"https:\/\/www.ambienteyenergia.gob.ec\/ambiente\/wp-json\/wp\/v2\/posts\/15707\/revisions"}],"wp:featuredmedia":[{"embeddable":true,"href":"https:\/\/www.ambienteyenergia.gob.ec\/ambiente\/wp-json\/wp\/v2\/media\/15708"}],"wp:attachment":[{"href":"https:\/\/www.ambienteyenergia.gob.ec\/ambiente\/wp-json\/wp\/v2\/media?parent=15707"}],"wp:term":[{"taxonomy":"category","embeddable":true,"href":"https:\/\/www.ambienteyenergia.gob.ec\/ambiente\/wp-json\/wp\/v2\/categories?post=15707"},{"taxonomy":"post_tag","embeddable":true,"href":"https:\/\/www.ambienteyenergia.gob.ec\/ambiente\/wp-json\/wp\/v2\/tags?post=15707"}],"curies":[{"name":"wp","href":"https:\/\/api.w.org\/{rel}","templated":true}]}}