{"id":15695,"date":"2013-10-01T18:41:02","date_gmt":"2013-10-01T23:41:02","guid":{"rendered":"http:\/\/www.ambiente.gob.ec\/?p=15695"},"modified":"2013-10-01T18:41:02","modified_gmt":"2013-10-01T23:41:02","slug":"mae-participa-en-foro-internacional-sobre-recursos-geneticos-y-biocomercio","status":"publish","type":"post","link":"https:\/\/www.ambienteyenergia.gob.ec\/ambiente\/mae-participa-en-foro-internacional-sobre-recursos-geneticos-y-biocomercio\/","title":{"rendered":"MAE participa en foro internacional sobre recursos g\u00e9neticos y biocomercio"},"content":{"rendered":"<p style=\"text-align: justify;\">El Ministerio del Ambiente (MAE), a trav\u00e9s de la Subsecretar\u00eda de Patrimonio, asisti\u00f3 al I Foro Internacional sobre conocimientos tradicionales, recursos gen\u00e9ticos asociados y biocomercio, que se realiz\u00f3 del 25 al 27 de septiembre, en la ciudad de Quito. El objetivo de este encuentro fue intercambiar experiencias entre el sector acad\u00e9mico y comunidades ind\u00edgenas sobre uso de los recursos gen\u00e9ticos y el biocomercio en el Ecuador.<\/p>\n<p style=\"text-align: justify;\">Las tem\u00e1ticas que se incluyeron en el Foro fueron negociaciones internacionales sobre recursos gen\u00e9ticos, normativa vigente sobre biocomercio, propiedad intelectual y casos de acceso ilegal a los recursos gen\u00e9ticos, entre otros.<\/p>\n<p style=\"text-align: justify;\">En cuanto a las experiencias sobre casos de biopirater\u00eda, Andr\u00e9s Valladolid, representante de la\u00a0 Comisi\u00f3n Nacional de Lucha contra la Biopirater\u00eda, explic\u00f3 sobre el monitoreo de patentes para identificar casos de biopirater\u00eda relacionados con los recursos gen\u00e9ticos y los conocimientos tradicionales.<\/p>\n<p style=\"text-align: justify;\">El encuentro reuni\u00f3 adem\u00e1s a representantes nacionales del Gobierno Nacional como la Secretar\u00eda Nacional de Ciencia y Tecnolog\u00eda (SENECYT); la Secretar\u00eda de Educaci\u00f3n Superior; el Instituto Ecuatoriano de Propiedad Intelectual (IEPI). En el \u00e1mbito internacional, la cita cont\u00f3 con la participaci\u00f3n de la Comisi\u00f3n Nacional de Lucha contra la Biopirater\u00eda de Per\u00fa y la Uni\u00f3n Internacional de Conservaci\u00f3n de la Naturaleza (UICN).<\/p>\n<p style=\"text-align: justify;\">El MAE fomenta el uso de la norma jur\u00eddica para permitir el acceso legal de los recursos gen\u00e9ticos con el fin de aportar a un manejo responsable de estas herramientas y promover el mejoramiento de la matriz productiva en el pa\u00eds.<\/p>\n<p style=\"text-align: justify;\">Uno de los objetivos de esta cartera de Estado consiste en la utilizaci\u00f3n sostenible de los recursos gen\u00e9ticos bas\u00e1ndose en un aprovechamiento con un acceso y transferencia adecuada de tecnolog\u00eda, contribuyendo a la conservaci\u00f3n biol\u00f3gica y una responsabilidad ambiental sin precedentes.<\/p>\n<p style=\"text-align: justify;\"><strong>El dato <\/strong><\/p>\n<p style=\"text-align: justify;\">El Protocolo de Nagoya es un marco regulatorio global sobre el uso y reparto de recursos gen\u00e9ticos. Para su implementaci\u00f3n se requiere la ratificaci\u00f3n de 50 pa\u00edses. Al momento 18 pa\u00edses ya lo han hecho, entre ellos Colombia y Per\u00fa, de Am\u00e9rica Latina.<\/p>\n<p style=\"text-align: justify;\">\n<p style=\"text-align: justify;\">\n","protected":false},"excerpt":{"rendered":"<p class=\"excerpt\">El Ministerio del Ambiente (MAE), a trav\u00e9s de la Subsecretar\u00eda de Patrimonio, asisti\u00f3 al I Foro Internacional sobre conocimientos tradicionales, recursos gen\u00e9ticos asociados y biocomercio, que se realiz\u00f3 del 25 al 27 de septiembre, en la ciudad de Quito. El objetivo de este encuentro fue intercambiar experiencias entre el sector acad\u00e9mico y comunidades ind\u00edgenas sobre uso de los recursos gen\u00e9ticos&hellip; <a href=\"https:\/\/www.ambienteyenergia.gob.ec\/ambiente\/mae-participa-en-foro-internacional-sobre-recursos-geneticos-y-biocomercio\/\">Read more &rarr;<\/a><\/p>\n","protected":false},"author":13,"featured_media":15696,"comment_status":"open","ping_status":"open","sticky":false,"template":"","format":"standard","meta":{"footnotes":""},"categories":[16,4],"tags":[],"class_list":["post-15695","post","type-post","status-publish","format-standard","has-post-thumbnail","hentry","category-comunicamos","category-noticias","xfolkentry"],"_links":{"self":[{"href":"https:\/\/www.ambienteyenergia.gob.ec\/ambiente\/wp-json\/wp\/v2\/posts\/15695","targetHints":{"allow":["GET"]}}],"collection":[{"href":"https:\/\/www.ambienteyenergia.gob.ec\/ambiente\/wp-json\/wp\/v2\/posts"}],"about":[{"href":"https:\/\/www.ambienteyenergia.gob.ec\/ambiente\/wp-json\/wp\/v2\/types\/post"}],"author":[{"embeddable":true,"href":"https:\/\/www.ambienteyenergia.gob.ec\/ambiente\/wp-json\/wp\/v2\/users\/13"}],"replies":[{"embeddable":true,"href":"https:\/\/www.ambienteyenergia.gob.ec\/ambiente\/wp-json\/wp\/v2\/comments?post=15695"}],"version-history":[{"count":0,"href":"https:\/\/www.ambienteyenergia.gob.ec\/ambiente\/wp-json\/wp\/v2\/posts\/15695\/revisions"}],"wp:featuredmedia":[{"embeddable":true,"href":"https:\/\/www.ambienteyenergia.gob.ec\/ambiente\/wp-json\/wp\/v2\/media\/15696"}],"wp:attachment":[{"href":"https:\/\/www.ambienteyenergia.gob.ec\/ambiente\/wp-json\/wp\/v2\/media?parent=15695"}],"wp:term":[{"taxonomy":"category","embeddable":true,"href":"https:\/\/www.ambienteyenergia.gob.ec\/ambiente\/wp-json\/wp\/v2\/categories?post=15695"},{"taxonomy":"post_tag","embeddable":true,"href":"https:\/\/www.ambienteyenergia.gob.ec\/ambiente\/wp-json\/wp\/v2\/tags?post=15695"}],"curies":[{"name":"wp","href":"https:\/\/api.w.org\/{rel}","templated":true}]}}