{"id":15692,"date":"2013-10-01T18:37:55","date_gmt":"2013-10-01T23:37:55","guid":{"rendered":"http:\/\/www.ambiente.gob.ec\/?p=15692"},"modified":"2013-10-02T10:41:22","modified_gmt":"2013-10-02T15:41:22","slug":"250-ninos-de-la-ciudad-de-azogues-fueron-nombrados-guardianes-del-planeta","status":"publish","type":"post","link":"https:\/\/www.ambienteyenergia.gob.ec\/ambiente\/250-ninos-de-la-ciudad-de-azogues-fueron-nombrados-guardianes-del-planeta\/","title":{"rendered":"250 ni\u00f1os de la ciudad de Azogues fueron nombrados \u00abGuardianes del Planeta\u00bb"},"content":{"rendered":"<p style=\"text-align: justify;\">Durante la \u00faltima semana del mes de septiembre, 250 ni\u00f1as y ni\u00f1os de cuarto, quinto, sexto y s\u00e9ptimo curso de Educaci\u00f3n B\u00e1sica de las Escuelas UNE y Emilio Abad,\u00a0 de la ciudad de Azogues, participaron en el Proyecto Educativo \u00abSomos parte de la soluci\u00f3n\u00bb, impulsado por la Red Infantil \u00abGuardines del Planeta\u00bb, del Ministerio del Ambiente (MAE).<\/p>\n<p style=\"text-align: justify;\">La metodolog\u00eda consisti\u00f3 en el desarrollo de talleres en los que los ni\u00f1os \u00a0realizaron actividades l\u00fadico-cognitivas, enfocadas en materia ambientales,\u00a0 como una forma de alentar su esp\u00edritu conservacionista y de fomentar el amor a la naturaleza.<\/p>\n<p style=\"text-align: justify;\">Entre los temas tratados estuvieron el ciclo meteorol\u00f3gico, biodiversidad y buenas pr\u00e1cticas ambientales. Ello se reforz\u00f3 con charlas y la\u00a0 presentaci\u00f3n\u00a0 de v\u00eddeos sobre el Yasun\u00ed, Gal\u00e1pagos y Manejo de Residuos S\u00f3lidos.<\/p>\n<p style=\"text-align: justify;\">Durante el taller,\u00a0 los ni\u00f1os desarrollan su creatividad, habilidades y destrezas al rededor de la protecci\u00f3n del ambiente,\u00a0 la valoraci\u00f3n de los recursos naturales\u00a0 y su compromiso frente a la naturaleza, luego de lo cual se le nombr\u00f3 \u00abGuardianes del Planeta\u00bb.<\/p>\n<p style=\"text-align: justify;\">El prop\u00f3sito del Proyecto es llegar a un mayor n\u00famero de ni\u00f1os con procesos de educaci\u00f3n ambiental\u00a0 integrales y eficientes que generen cambios de h\u00e1bitos reales en la poblaci\u00f3n.<\/p>\n<p style=\"text-align: justify;\">Esta Cartera de Estado, es el \u00f3rgano rector de las pol\u00edticas ambientales en el Ecuador\u00a0 y responsable de garantizar un ambiente sano y ecol\u00f3gicamente equilibrado. Por ello, uno de su ejes de trabajo son el fortalecimiento de la educaci\u00f3n ambiental como una estrategia clave que incida directamente en la gesti\u00f3n ambiental, y contribuya en procesos de participaci\u00f3n ciudadana comprometida con el desarrollo sostenible del pa\u00eds.<\/p>\n","protected":false},"excerpt":{"rendered":"<p class=\"excerpt\">Durante la \u00faltima semana del mes de septiembre, 250 ni\u00f1as y ni\u00f1os de cuarto, quinto, sexto y s\u00e9ptimo curso de Educaci\u00f3n B\u00e1sica de las Escuelas UNE y Emilio Abad,\u00a0 de la ciudad de Azogues, participaron en el Proyecto Educativo \u00abSomos parte de la soluci\u00f3n\u00bb, impulsado por la Red Infantil \u00abGuardines del Planeta\u00bb, del Ministerio del Ambiente (MAE). La metodolog\u00eda consisti\u00f3&hellip; <a href=\"https:\/\/www.ambienteyenergia.gob.ec\/ambiente\/250-ninos-de-la-ciudad-de-azogues-fueron-nombrados-guardianes-del-planeta\/\">Read more &rarr;<\/a><\/p>\n","protected":false},"author":13,"featured_media":15693,"comment_status":"open","ping_status":"open","sticky":false,"template":"","format":"standard","meta":{"footnotes":""},"categories":[16,4],"tags":[],"class_list":["post-15692","post","type-post","status-publish","format-standard","has-post-thumbnail","hentry","category-comunicamos","category-noticias","xfolkentry"],"_links":{"self":[{"href":"https:\/\/www.ambienteyenergia.gob.ec\/ambiente\/wp-json\/wp\/v2\/posts\/15692","targetHints":{"allow":["GET"]}}],"collection":[{"href":"https:\/\/www.ambienteyenergia.gob.ec\/ambiente\/wp-json\/wp\/v2\/posts"}],"about":[{"href":"https:\/\/www.ambienteyenergia.gob.ec\/ambiente\/wp-json\/wp\/v2\/types\/post"}],"author":[{"embeddable":true,"href":"https:\/\/www.ambienteyenergia.gob.ec\/ambiente\/wp-json\/wp\/v2\/users\/13"}],"replies":[{"embeddable":true,"href":"https:\/\/www.ambienteyenergia.gob.ec\/ambiente\/wp-json\/wp\/v2\/comments?post=15692"}],"version-history":[{"count":0,"href":"https:\/\/www.ambienteyenergia.gob.ec\/ambiente\/wp-json\/wp\/v2\/posts\/15692\/revisions"}],"wp:featuredmedia":[{"embeddable":true,"href":"https:\/\/www.ambienteyenergia.gob.ec\/ambiente\/wp-json\/wp\/v2\/media\/15693"}],"wp:attachment":[{"href":"https:\/\/www.ambienteyenergia.gob.ec\/ambiente\/wp-json\/wp\/v2\/media?parent=15692"}],"wp:term":[{"taxonomy":"category","embeddable":true,"href":"https:\/\/www.ambienteyenergia.gob.ec\/ambiente\/wp-json\/wp\/v2\/categories?post=15692"},{"taxonomy":"post_tag","embeddable":true,"href":"https:\/\/www.ambienteyenergia.gob.ec\/ambiente\/wp-json\/wp\/v2\/tags?post=15692"}],"curies":[{"name":"wp","href":"https:\/\/api.w.org\/{rel}","templated":true}]}}