{"id":15686,"date":"2013-10-01T16:57:36","date_gmt":"2013-10-01T21:57:36","guid":{"rendered":"http:\/\/www.ambiente.gob.ec\/?p=15686"},"modified":"2013-10-01T16:57:36","modified_gmt":"2013-10-01T21:57:36","slug":"dpng-iniciara-acciones-legales-por-amparo-de-libertad-a-favor-de-dirk-bender","status":"publish","type":"post","link":"https:\/\/www.ambienteyenergia.gob.ec\/ambiente\/dpng-iniciara-acciones-legales-por-amparo-de-libertad-a-favor-de-dirk-bender\/","title":{"rendered":"DPNG iniciar\u00e1 acciones legales por Amparo de Libertad a favor de Dirk Bender"},"content":{"rendered":"<p style=\"text-align: justify;\"><strong>La Autoridad Ambiental no fue notificada de la Acci\u00f3n de Amparo concedida por el Presidente de la Corte Provincial del Guayas.<\/strong><\/p>\n<p style=\"text-align: justify;\">La Direcci\u00f3n del Parque Nacional Gal\u00e1pagos (DPNG) ha iniciado acciones legales tras conocer que el Presidente de la Corte Provincial del Guayas, Francisco Morales Garc\u00e9s, declar\u00f3 a lugar la acci\u00f3n de amparo de libertad presentada por la defensa del ciudadano alem\u00e1n Dirk Bender, medida con la que dispuso la inmediata libertad.<\/p>\n<p style=\"text-align: justify;\">Bender fue detenido por la Polic\u00eda Nacional, el a\u00f1o pasado durante una revisi\u00f3n de rutina de los equipajes en el aeropuerto de Baltra, en la provincia de Gal\u00e1pagos, cuando los guardaparques y personal de Ecogal descubrieron que dentro de su equipaje transportaba cuatro iguanas (conolophus subcristatus), especie que se encuentra en la lista roja de la Uni\u00f3n Internacional para la Conservaci\u00f3n de la Naturaleza.<\/p>\n<p style=\"text-align: justify;\">La Acci\u00f3n de Amparo de Libertad fue concedida, el pasado 25 de septiembre, y notificada al d\u00eda siguiente, pero la DPNG no fue notificada como entidad reguladora del ambiente en la provincia de Gal\u00e1pagos. Ni tampoco fue notificado el Ministerio del Ambiente (MAE), como autoridad ambiental nacional, as\u00ed como tampoco se evidenci\u00f3 hasta el d\u00eda de ayer (30 de septiembre), en la p\u00e1gina web de la funci\u00f3n judicial, el ingreso del citado amparo.<\/p>\n<p style=\"text-align: justify;\">La DPNG est\u00e1 en desacuerdo con la medida adoptada, considerando que no se ha cumplido lo establecido en el \u00faltimo inciso del Art. 169 del C\u00f3digo de Procedimiento Penal que establece \u201cProducida la caducidad de la prisi\u00f3n preventiva, en la misma providencia que la declare la Jueza o Juez dispondr\u00e1 que el procesado quede sujeto a la obligaci\u00f3n de presentarse peri\u00f3dicamente ante la Jueza o Juez y la prohibici\u00f3n de ausentarse del pa\u00eds, o una sola de estas medidas si la estimare suficiente, para garantizar la inmediaci\u00f3n del procesado con el proceso\u201d.<\/p>\n<p style=\"text-align: justify;\">La medida vulnera los derechos de la naturaleza que est\u00e1n consagrados en la Constituci\u00f3n art\u00edculos 71, 72, 73 y 74. Con la salida de Bender, se est\u00e1 quebrantando todos los derechos a la naturaleza y no se est\u00e1 garantizando el cumplimiento de una pena, ni la comparecencia del ciudadano alem\u00e1n, para que responda por el delito ambiental causado al Patrimonio Natural de la Humanidad.<\/p>\n<p style=\"text-align: justify;\">\n<p style=\"text-align: justify;\">\n","protected":false},"excerpt":{"rendered":"<p class=\"excerpt\">La Autoridad Ambiental no fue notificada de la Acci\u00f3n de Amparo concedida por el Presidente de la Corte Provincial del Guayas. La Direcci\u00f3n del Parque Nacional Gal\u00e1pagos (DPNG) ha iniciado acciones legales tras conocer que el Presidente de la Corte Provincial del Guayas, Francisco Morales Garc\u00e9s, declar\u00f3 a lugar la acci\u00f3n de amparo de libertad presentada por la defensa del&hellip; <a href=\"https:\/\/www.ambienteyenergia.gob.ec\/ambiente\/dpng-iniciara-acciones-legales-por-amparo-de-libertad-a-favor-de-dirk-bender\/\">Read more &rarr;<\/a><\/p>\n","protected":false},"author":13,"featured_media":15687,"comment_status":"open","ping_status":"open","sticky":false,"template":"","format":"standard","meta":{"footnotes":""},"categories":[16,4],"tags":[],"class_list":["post-15686","post","type-post","status-publish","format-standard","has-post-thumbnail","hentry","category-comunicamos","category-noticias","xfolkentry"],"_links":{"self":[{"href":"https:\/\/www.ambienteyenergia.gob.ec\/ambiente\/wp-json\/wp\/v2\/posts\/15686","targetHints":{"allow":["GET"]}}],"collection":[{"href":"https:\/\/www.ambienteyenergia.gob.ec\/ambiente\/wp-json\/wp\/v2\/posts"}],"about":[{"href":"https:\/\/www.ambienteyenergia.gob.ec\/ambiente\/wp-json\/wp\/v2\/types\/post"}],"author":[{"embeddable":true,"href":"https:\/\/www.ambienteyenergia.gob.ec\/ambiente\/wp-json\/wp\/v2\/users\/13"}],"replies":[{"embeddable":true,"href":"https:\/\/www.ambienteyenergia.gob.ec\/ambiente\/wp-json\/wp\/v2\/comments?post=15686"}],"version-history":[{"count":0,"href":"https:\/\/www.ambienteyenergia.gob.ec\/ambiente\/wp-json\/wp\/v2\/posts\/15686\/revisions"}],"wp:featuredmedia":[{"embeddable":true,"href":"https:\/\/www.ambienteyenergia.gob.ec\/ambiente\/wp-json\/wp\/v2\/media\/15687"}],"wp:attachment":[{"href":"https:\/\/www.ambienteyenergia.gob.ec\/ambiente\/wp-json\/wp\/v2\/media?parent=15686"}],"wp:term":[{"taxonomy":"category","embeddable":true,"href":"https:\/\/www.ambienteyenergia.gob.ec\/ambiente\/wp-json\/wp\/v2\/categories?post=15686"},{"taxonomy":"post_tag","embeddable":true,"href":"https:\/\/www.ambienteyenergia.gob.ec\/ambiente\/wp-json\/wp\/v2\/tags?post=15686"}],"curies":[{"name":"wp","href":"https:\/\/api.w.org\/{rel}","templated":true}]}}