{"id":15668,"date":"2013-10-01T15:01:18","date_gmt":"2013-10-01T20:01:18","guid":{"rendered":"http:\/\/www.ambiente.gob.ec\/?p=15668"},"modified":"2013-10-01T20:39:55","modified_gmt":"2013-10-02T01:39:55","slug":"ministra-lorena-tapia-participo-en-inauguracion-de-comunidad-del-milenio-en-playas-de-cuyabeno","status":"publish","type":"post","link":"https:\/\/www.ambienteyenergia.gob.ec\/ambiente\/ministra-lorena-tapia-participo-en-inauguracion-de-comunidad-del-milenio-en-playas-de-cuyabeno\/","title":{"rendered":"Ministra, Lorena Tapia, particip\u00f3 en inauguraci\u00f3n de Comunidad del Milenio en Playas de Cuyabeno"},"content":{"rendered":"<p style=\"text-align: justify;\">Hoy, la Ministra del Ambiente, Lorena Tapia, particip\u00f3 en la inauguraci\u00f3n de la Comunidad del Milenio \u00abPlayas de Cuyabeno\u00bb, ubicada en la provincia de Sucumb\u00edos. El evento estuvo presidido por el Presidente de la Rep\u00fablica, Rafael Correa, y el Vicepresidente, Jorge Glas.<\/p>\n<p style=\"text-align: justify;\">Esta obra es parte de la pol\u00edtica del Gobierno Nacional, que estipula que todos los ingresos provenientes de la explotaci\u00f3n de los recursos naturales, beneficien en forma prioritaria a los habitantes de los sectores donde se desarrollan los proyectos hidrocarbur\u00edferos o mineros.<\/p>\n<p style=\"text-align: justify;\">La Comunidad del Milenio tiene una extensi\u00f3n de 12.2 hect\u00e1reas en las que se construyeron de 82 casas de 96,04 m2, con cocina, sala, comedor, ba\u00f1o y tres dormitorios. Al menos,\u00a0\u00a0392 pobladores habitar\u00e1n estas instalaciones.<\/p>\n<p style=\"text-align: justify;\">\u00abPlayas de Cuyabeno\u00bb tiene v\u00edas de transporte, agua potable, alcantarillado sanitario y pluvial, energ\u00eda el\u00e9ctrica, acceso a telecomunicaciones, muelles, puerto, muros de protecci\u00f3n en las riberas del r\u00edo, mercado, coliseo, estadio, cementerio, oficina para la Junta Parroquial, Unidad de Polic\u00eda Comunitaria y un Subcentral de Salud.<\/p>\n<p style=\"text-align: justify;\">Adem\u00e1s, se edific\u00f3 la Unidad Educativa del Milenio V\u00edctor D\u00e1valos, con capacidad para 200 alumnos. Esta instituci\u00f3n se divide en cuatro m\u00f3dulos de aulas para educaci\u00f3n inicial, b\u00e1sica y bachillerato, as\u00ed como una biblioteca y laboratorios de f\u00edsica, qu\u00edmica, ingl\u00e9s y computaci\u00f3n. Tiene, tambi\u00e9n, dos \u00a0residencias\u00a0estudiantiles, un comedor que y un edificio administrativo.<\/p>\n<p style=\"text-align: justify;\">En esta zona se desarrolla el campo petrolero Pa\u00f1acocha, ubicado en el Bloque 12 y operado por la Empresa P\u00fablica Petroamazonas EP. Esta es la primera comunidad del mileno de las 11 que se construir\u00e1n\u00a0con recursos provenientes de las utilidades o excedentes del petr\u00f3leo y las regal\u00edas de la actividad minera.<\/p>\n<div id='gallery-1' class='gallery galleryid-15668 gallery-columns-4 gallery-size-thumbnail'><dl class='gallery-item'>\n\t\t\t<dt class='gallery-icon landscape'>\n\t\t\t\t<a href='https:\/\/www.ambienteyenergia.gob.ec\/ambiente\/ministra-lorena-tapia-participo-en-inauguracion-de-comunidad-del-milenio-en-playas-de-cuyabeno\/mae33-74\/'><img loading=\"lazy\" decoding=\"async\" width=\"150\" height=\"150\" src=\"https:\/\/www.ambienteyenergia.gob.ec\/ambiente\/wp-content\/uploads\/sites\/2\/2013\/10\/MAE33-150x150.jpg\" class=\"attachment-thumbnail size-thumbnail\" alt=\"\" \/><\/a>\n\t\t\t<\/dt><\/dl><dl class='gallery-item'>\n\t\t\t<dt class='gallery-icon landscape'>\n\t\t\t\t<a href='https:\/\/www.ambienteyenergia.gob.ec\/ambiente\/ministra-lorena-tapia-participo-en-inauguracion-de-comunidad-del-milenio-en-playas-de-cuyabeno\/img_0908\/'><img loading=\"lazy\" decoding=\"async\" width=\"150\" height=\"150\" src=\"https:\/\/www.ambienteyenergia.gob.ec\/ambiente\/wp-content\/uploads\/sites\/2\/2013\/10\/IMG_0908-150x150.jpg\" class=\"attachment-thumbnail size-thumbnail\" alt=\"\" \/><\/a>\n\t\t\t<\/dt><\/dl><dl class='gallery-item'>\n\t\t\t<dt class='gallery-icon portrait'>\n\t\t\t\t<a href='https:\/\/www.ambienteyenergia.gob.ec\/ambiente\/ministra-lorena-tapia-participo-en-inauguracion-de-comunidad-del-milenio-en-playas-de-cuyabeno\/img_0910\/'><img loading=\"lazy\" decoding=\"async\" width=\"150\" height=\"150\" src=\"https:\/\/www.ambienteyenergia.gob.ec\/ambiente\/wp-content\/uploads\/sites\/2\/2013\/10\/IMG_0910-150x150.jpg\" class=\"attachment-thumbnail size-thumbnail\" alt=\"\" \/><\/a>\n\t\t\t<\/dt><\/dl><dl class='gallery-item'>\n\t\t\t<dt class='gallery-icon landscape'>\n\t\t\t\t<a href='https:\/\/www.ambienteyenergia.gob.ec\/ambiente\/ministra-lorena-tapia-participo-en-inauguracion-de-comunidad-del-milenio-en-playas-de-cuyabeno\/img_0911\/'><img loading=\"lazy\" decoding=\"async\" width=\"150\" height=\"150\" src=\"https:\/\/www.ambienteyenergia.gob.ec\/ambiente\/wp-content\/uploads\/sites\/2\/2013\/10\/IMG_0911-150x150.jpg\" class=\"attachment-thumbnail size-thumbnail\" alt=\"\" \/><\/a>\n\t\t\t<\/dt><\/dl><br style=\"clear: both\" \/><dl class='gallery-item'>\n\t\t\t<dt class='gallery-icon landscape'>\n\t\t\t\t<a href='https:\/\/www.ambienteyenergia.gob.ec\/ambiente\/ministra-lorena-tapia-participo-en-inauguracion-de-comunidad-del-milenio-en-playas-de-cuyabeno\/img_0912\/'><img loading=\"lazy\" decoding=\"async\" width=\"150\" height=\"150\" src=\"https:\/\/www.ambienteyenergia.gob.ec\/ambiente\/wp-content\/uploads\/sites\/2\/2013\/10\/IMG_0912-150x150.jpg\" class=\"attachment-thumbnail size-thumbnail\" alt=\"\" \/><\/a>\n\t\t\t<\/dt><\/dl><dl class='gallery-item'>\n\t\t\t<dt class='gallery-icon portrait'>\n\t\t\t\t<a href='https:\/\/www.ambienteyenergia.gob.ec\/ambiente\/ministra-lorena-tapia-participo-en-inauguracion-de-comunidad-del-milenio-en-playas-de-cuyabeno\/img_0913\/'><img loading=\"lazy\" decoding=\"async\" width=\"150\" height=\"150\" src=\"https:\/\/www.ambienteyenergia.gob.ec\/ambiente\/wp-content\/uploads\/sites\/2\/2013\/10\/IMG_0913-150x150.jpg\" class=\"attachment-thumbnail size-thumbnail\" alt=\"\" \/><\/a>\n\t\t\t<\/dt><\/dl><dl class='gallery-item'>\n\t\t\t<dt class='gallery-icon landscape'>\n\t\t\t\t<a href='https:\/\/www.ambienteyenergia.gob.ec\/ambiente\/ministra-lorena-tapia-participo-en-inauguracion-de-comunidad-del-milenio-en-playas-de-cuyabeno\/img_0915\/'><img loading=\"lazy\" decoding=\"async\" width=\"150\" height=\"150\" src=\"https:\/\/www.ambienteyenergia.gob.ec\/ambiente\/wp-content\/uploads\/sites\/2\/2013\/10\/IMG_0915-150x150.jpg\" class=\"attachment-thumbnail size-thumbnail\" alt=\"\" \/><\/a>\n\t\t\t<\/dt><\/dl><dl class='gallery-item'>\n\t\t\t<dt class='gallery-icon portrait'>\n\t\t\t\t<a href='https:\/\/www.ambienteyenergia.gob.ec\/ambiente\/ministra-lorena-tapia-participo-en-inauguracion-de-comunidad-del-milenio-en-playas-de-cuyabeno\/img_0920\/'><img loading=\"lazy\" decoding=\"async\" width=\"150\" height=\"150\" src=\"https:\/\/www.ambienteyenergia.gob.ec\/ambiente\/wp-content\/uploads\/sites\/2\/2013\/10\/IMG_0920-150x150.jpg\" class=\"attachment-thumbnail size-thumbnail\" alt=\"\" \/><\/a>\n\t\t\t<\/dt><\/dl><br style=\"clear: both\" \/><dl class='gallery-item'>\n\t\t\t<dt class='gallery-icon landscape'>\n\t\t\t\t<a href='https:\/\/www.ambienteyenergia.gob.ec\/ambiente\/ministra-lorena-tapia-participo-en-inauguracion-de-comunidad-del-milenio-en-playas-de-cuyabeno\/img_0926\/'><img loading=\"lazy\" decoding=\"async\" width=\"150\" height=\"150\" src=\"https:\/\/www.ambienteyenergia.gob.ec\/ambiente\/wp-content\/uploads\/sites\/2\/2013\/10\/IMG_0926-150x150.jpg\" class=\"attachment-thumbnail size-thumbnail\" alt=\"\" \/><\/a>\n\t\t\t<\/dt><\/dl>\n\t\t\t<br style='clear: both' \/>\n\t\t<\/div>\n\n","protected":false},"excerpt":{"rendered":"<p class=\"excerpt\">Hoy, la Ministra del Ambiente, Lorena Tapia, particip\u00f3 en la inauguraci\u00f3n de la Comunidad del Milenio \u00abPlayas de Cuyabeno\u00bb, ubicada en la provincia de Sucumb\u00edos. El evento estuvo presidido por el Presidente de la Rep\u00fablica, Rafael Correa, y el Vicepresidente, Jorge Glas. Esta obra es parte de la pol\u00edtica del Gobierno Nacional, que estipula que todos los ingresos provenientes de&hellip; <a href=\"https:\/\/www.ambienteyenergia.gob.ec\/ambiente\/ministra-lorena-tapia-participo-en-inauguracion-de-comunidad-del-milenio-en-playas-de-cuyabeno\/\">Read more &rarr;<\/a><\/p>\n","protected":false},"author":13,"featured_media":15677,"comment_status":"open","ping_status":"open","sticky":false,"template":"","format":"standard","meta":{"footnotes":""},"categories":[16,4],"tags":[],"class_list":["post-15668","post","type-post","status-publish","format-standard","has-post-thumbnail","hentry","category-comunicamos","category-noticias","xfolkentry"],"_links":{"self":[{"href":"https:\/\/www.ambienteyenergia.gob.ec\/ambiente\/wp-json\/wp\/v2\/posts\/15668","targetHints":{"allow":["GET"]}}],"collection":[{"href":"https:\/\/www.ambienteyenergia.gob.ec\/ambiente\/wp-json\/wp\/v2\/posts"}],"about":[{"href":"https:\/\/www.ambienteyenergia.gob.ec\/ambiente\/wp-json\/wp\/v2\/types\/post"}],"author":[{"embeddable":true,"href":"https:\/\/www.ambienteyenergia.gob.ec\/ambiente\/wp-json\/wp\/v2\/users\/13"}],"replies":[{"embeddable":true,"href":"https:\/\/www.ambienteyenergia.gob.ec\/ambiente\/wp-json\/wp\/v2\/comments?post=15668"}],"version-history":[{"count":0,"href":"https:\/\/www.ambienteyenergia.gob.ec\/ambiente\/wp-json\/wp\/v2\/posts\/15668\/revisions"}],"wp:featuredmedia":[{"embeddable":true,"href":"https:\/\/www.ambienteyenergia.gob.ec\/ambiente\/wp-json\/wp\/v2\/media\/15677"}],"wp:attachment":[{"href":"https:\/\/www.ambienteyenergia.gob.ec\/ambiente\/wp-json\/wp\/v2\/media?parent=15668"}],"wp:term":[{"taxonomy":"category","embeddable":true,"href":"https:\/\/www.ambienteyenergia.gob.ec\/ambiente\/wp-json\/wp\/v2\/categories?post=15668"},{"taxonomy":"post_tag","embeddable":true,"href":"https:\/\/www.ambienteyenergia.gob.ec\/ambiente\/wp-json\/wp\/v2\/tags?post=15668"}],"curies":[{"name":"wp","href":"https:\/\/api.w.org\/{rel}","templated":true}]}}