{"id":15665,"date":"2013-10-01T14:28:58","date_gmt":"2013-10-01T19:28:58","guid":{"rendered":"http:\/\/www.ambiente.gob.ec\/?p=15665"},"modified":"2013-10-01T15:07:34","modified_gmt":"2013-10-01T20:07:34","slug":"483-ninos-fueron-capacitados-a-traves-del-programa-guardianes-del-planeta-en-chimborazo","status":"publish","type":"post","link":"https:\/\/www.ambienteyenergia.gob.ec\/ambiente\/483-ninos-fueron-capacitados-a-traves-del-programa-guardianes-del-planeta-en-chimborazo\/","title":{"rendered":"483 ni\u00f1os fueron capacitados a trav\u00e9s del programa &#8216;Guardianes del Planeta&#8217; en Chimborazo"},"content":{"rendered":"<p style=\"text-align: justify;\">Durante el mes de septiembre, el Ministerio del Ambiente (MAE), a trav\u00e9s de la Direcci\u00f3n Provincial de Chimborazo, capacit\u00f3 a 483 ni\u00f1os de cuatro establecimientos educativos de la Provincia de Chimborazo, como parte del programa Nacional de Educaci\u00f3n Ambiental \u201cGuardianes del Planeta\u201d. El tema se enfoc\u00f3 directamente al cuidado y protecci\u00f3n de los recursos naturales y biodiversidad.<\/p>\n<p style=\"text-align: justify;\">Las escuelas Garc\u00eda Moreno, Tuntatacto, Magdalena D\u00e1valos y Martiniano Guerrero, fueron el escenario, en donde los ni\u00f1os y ni\u00f1as mostraron sus capacidades para adquirir conocimientos en cuanto al cuidado del planeta y las buenas pr\u00e1cticas ambientales. Este tipo de iniciativas buscan formar a ciudadanos comprometidos con la conservaci\u00f3n y la protecci\u00f3n de la naturaleza y los recursos que \u00e9sta nos ofrece.<\/p>\n<p style=\"text-align: justify;\">A trav\u00e9s de actividades l\u00fadico \u2013 cognitivas los peque\u00f1os aprendieron m\u00e1s sobre la importancia de aplicar buenas pr\u00e1cticas ambientales en su vida cotidiana. Este espacio de educaci\u00f3n ambiental no tradicional imparti\u00f3 conocimientos que los ni\u00f1os puedan replicar en sus hogares y cambiar la actitud de estudiantes y docentes.<\/p>\n<p style=\"text-align: justify;\">Alicia Rodr\u00edguez, Rectora de la Escuela Magdalena D\u00e1valos, agradeci\u00f3 el trabajo que viene ejecutando el Ministerio del Ambiente y a su vez mostr\u00f3 el inter\u00e9s en una nueva fase de capacitaci\u00f3n para fortalecer educaci\u00f3n ambiental en su unidad educativa.<\/p>\n<p style=\"text-align: justify;\">Asimismo, el MAE en coordinaci\u00f3n con diversos organismos como Visi\u00f3n Mundial Ecuador, realiza una importante gesti\u00f3n, para la adquisici\u00f3n de basureros ecol\u00f3gicos, como un aporte al ambiente.<\/p>\n<p style=\"text-align: justify;\">Esta Cartera de Estado continuar\u00e1 con estos programas de educaci\u00f3n en toda la provincia y a nivel nacional, con el fin de implementar buenas pr\u00e1cticas ambientales desde temprana edad y que los ni\u00f1os que conviertan en actores fundamentales para mantener un ecosistema sano.<\/p>\n<p style=\"text-align: justify;\">\n","protected":false},"excerpt":{"rendered":"<p class=\"excerpt\">Durante el mes de septiembre, el Ministerio del Ambiente (MAE), a trav\u00e9s de la Direcci\u00f3n Provincial de Chimborazo, capacit\u00f3 a 483 ni\u00f1os de cuatro establecimientos educativos de la Provincia de Chimborazo, como parte del programa Nacional de Educaci\u00f3n Ambiental \u201cGuardianes del Planeta\u201d. El tema se enfoc\u00f3 directamente al cuidado y protecci\u00f3n de los recursos naturales y biodiversidad. Las escuelas Garc\u00eda&hellip; <a href=\"https:\/\/www.ambienteyenergia.gob.ec\/ambiente\/483-ninos-fueron-capacitados-a-traves-del-programa-guardianes-del-planeta-en-chimborazo\/\">Read more &rarr;<\/a><\/p>\n","protected":false},"author":13,"featured_media":15666,"comment_status":"open","ping_status":"open","sticky":false,"template":"","format":"standard","meta":{"footnotes":""},"categories":[16,4],"tags":[],"class_list":["post-15665","post","type-post","status-publish","format-standard","has-post-thumbnail","hentry","category-comunicamos","category-noticias","xfolkentry"],"_links":{"self":[{"href":"https:\/\/www.ambienteyenergia.gob.ec\/ambiente\/wp-json\/wp\/v2\/posts\/15665","targetHints":{"allow":["GET"]}}],"collection":[{"href":"https:\/\/www.ambienteyenergia.gob.ec\/ambiente\/wp-json\/wp\/v2\/posts"}],"about":[{"href":"https:\/\/www.ambienteyenergia.gob.ec\/ambiente\/wp-json\/wp\/v2\/types\/post"}],"author":[{"embeddable":true,"href":"https:\/\/www.ambienteyenergia.gob.ec\/ambiente\/wp-json\/wp\/v2\/users\/13"}],"replies":[{"embeddable":true,"href":"https:\/\/www.ambienteyenergia.gob.ec\/ambiente\/wp-json\/wp\/v2\/comments?post=15665"}],"version-history":[{"count":0,"href":"https:\/\/www.ambienteyenergia.gob.ec\/ambiente\/wp-json\/wp\/v2\/posts\/15665\/revisions"}],"wp:featuredmedia":[{"embeddable":true,"href":"https:\/\/www.ambienteyenergia.gob.ec\/ambiente\/wp-json\/wp\/v2\/media\/15666"}],"wp:attachment":[{"href":"https:\/\/www.ambienteyenergia.gob.ec\/ambiente\/wp-json\/wp\/v2\/media?parent=15665"}],"wp:term":[{"taxonomy":"category","embeddable":true,"href":"https:\/\/www.ambienteyenergia.gob.ec\/ambiente\/wp-json\/wp\/v2\/categories?post=15665"},{"taxonomy":"post_tag","embeddable":true,"href":"https:\/\/www.ambienteyenergia.gob.ec\/ambiente\/wp-json\/wp\/v2\/tags?post=15665"}],"curies":[{"name":"wp","href":"https:\/\/api.w.org\/{rel}","templated":true}]}}