{"id":15654,"date":"2013-09-30T19:27:19","date_gmt":"2013-10-01T00:27:19","guid":{"rendered":"http:\/\/www.ambiente.gob.ec\/?p=15654"},"modified":"2013-09-30T22:28:41","modified_gmt":"2013-10-01T03:28:41","slug":"ministra-del-ambiente-lorena-tapia-impulsa-la-gestion-de-residuos-solidos-en-mancomunidad-del-buen-vivir","status":"publish","type":"post","link":"https:\/\/www.ambienteyenergia.gob.ec\/ambiente\/ministra-del-ambiente-lorena-tapia-impulsa-la-gestion-de-residuos-solidos-en-mancomunidad-del-buen-vivir\/","title":{"rendered":"Ministra del Ambiente, Lorena Tapia, impulsa la gesti\u00f3n de residuos s\u00f3lidos en mancomunidad Mundo Verde del Buen Vivir"},"content":{"rendered":"<p style=\"text-align: justify;\">Hoy, la Ministra del Ambiente, Lorena Tapia, particip\u00f3 en una reuni\u00f3n con los alcaldes de la Mancomunidad Mundo Verde del Buen Vivir o SumakKawsay, con quienes esta Cartera de Estado, a trav\u00e9s del Programa Nacional para la Gesti\u00f3n Integral de Desechos S\u00f3lidos (PNGIDS) y el Instituto Nacional de Pre Inversi\u00f3n (INP), firm\u00f3 un convenio para ejecutar los \u201cEstudios de la Gesti\u00f3n Integral y Aprovechamiento de los Residuos S\u00f3lidos\u201d. El objetivo de la reuni\u00f3n fue concretar acciones para fortalecer procesos y avances del proyecto propuesto. Esta cita fue un espacio para intercambiar opiniones y exponer alternativas de soluci\u00f3n para que los estudios avancen y no se den retrocesos en este importante estudio.<\/p>\n<p style=\"text-align: justify;\">Con esta reuni\u00f3n se pretende plantear acciones concretas, el pa\u00eds no puede perder m\u00e1s tiempo, expres\u00f3 la Ministra Tapia. \u201cEl Presidente de la Rep\u00fablica, Rafael Correa, en una reuni\u00f3n previa que tuvimos sobre el tema, est\u00e1 absolutamente de acuerdo que las Mancomunidades sean los modelos que hay que seguir, para enfrentar los problemas de residuos s\u00f3lidos en el pa\u00eds\u201d, afirm\u00f3 la Secretaria de Estado.<\/p>\n<p style=\"text-align: justify;\">Al evento asistieron tambi\u00e9n Paula Guerra, Gerenta General de del Programa Nacional de Gesti\u00f3n Integral de Desechos S\u00f3lidos (PNGIDS) del Ministerio del Ambiente (MAE); Carlos Jaramillo, Subsecretario de Gobiernos Descentralizados; Santiago Medida, Director Ejecutivo del Instituto Nacional de Preinvenci\u00f3n (INP) y Karla Zambrano, Subsecretaria de la zona 5 de la Secretar\u00eda Nacional de Planificaci\u00f3n y Desarrollo. Adem\u00e1s, participaron del encuentro los acaldes pertenecientes a la Mancomunidad del Buen Vivir.<\/p>\n<p style=\"text-align: justify;\">Paula Guerra, en su intervenci\u00f3n, explic\u00f3 que el objetivo de este plan es dise\u00f1ar e implementar una gesti\u00f3n integral de residuos, fortaleciendo los servicios de aseo y el aprovechamiento de recursos. \u201cLa creaci\u00f3n de mancomunidades se torna fundamental para el pa\u00eds, raz\u00f3n por la cual no hemos comprometido en apoyar todos estos procesos de conformaci\u00f3n en el territorio nacional. El Ministerio del Ambiente, a trav\u00e9s del PNGIDS, desde el a\u00f1o 2010 al 2013, ha invertido aproximadamente USD 13 millones en los diferentes GADs\u201d, asegur\u00f3.<\/p>\n<p style=\"text-align: justify;\">Este proyecto busca comprobar la factibilidad de un proyecto interinstitucional, que permitir\u00e1 una gesti\u00f3n \u00f3ptima de residuos s\u00f3lidos en la comunidad del Buen Vivir, conformada por 20 Gobiernos Aut\u00f3nomos Descentralizados de las provincias Los R\u00edos, Guayas y Bol\u00edvar.El MAE con estos estudios pretende sanear los pasivos ambientales resultado del mal manejo de los residuos s\u00f3lidos y botaderos, evitando la contaminaci\u00f3n y salvaguardando la salud de la poblaci\u00f3n y del ambiente.<\/p>\n<p style=\"text-align: justify;\">Por su parte, Santiago Medida mencion\u00f3 que para aprobar los estudios es fundamental analizar los componentes social, ambiental y econ\u00f3mico. Asimismo, el modelo de gesti\u00f3n integral de residuos y todas las fases del proceso ser\u00e1nanalizadas y examinadas para constatar su viabilidad. \u201cSe propone un modelo que cumpla no solo con regulaciones ambientales, si no que sea un proyecto sustentable y sostenible\u201d, dijo.<\/p>\n<p style=\"text-align: justify;\">Finalmente, Carlos Jaramillo se refiri\u00f3 a este proyecto como un hito y una oportunidad perfecta para demostrar, que estos procesos es imprescindible el trabajo conjunto entre el Gobierno Central y los Municipios. Adem\u00e1s, resalt\u00f3 el compromiso del Ministerio del Ambiente, como ente rector de este esquema de la mancomunidad.<\/p>\n<p style=\"text-align: justify;\"><a href=\"http:\/\/www.ambienteyenergia.gob.ec\/ambiente\/wp-content\/uploads\/2013\/09\/Captura-de-pantalla-2013-09-30-a-las-22.27.21.gif\"><img loading=\"lazy\" decoding=\"async\" class=\"aligncenter size-full wp-image-15662\" title=\"MAE\" src=\"http:\/\/www.ambienteyenergia.gob.ec\/ambiente\/wp-content\/uploads\/2013\/09\/Captura-de-pantalla-2013-09-30-a-las-22.27.21.gif\" alt=\"\" width=\"650\" height=\"434\" srcset=\"https:\/\/www.ambienteyenergia.gob.ec\/ambiente\/wp-content\/uploads\/sites\/2\/2013\/09\/Captura-de-pantalla-2013-09-30-a-las-22.27.21.gif 650w, https:\/\/www.ambienteyenergia.gob.ec\/ambiente\/wp-content\/uploads\/sites\/2\/2013\/09\/Captura-de-pantalla-2013-09-30-a-las-22.27.21-300x200.gif 300w, https:\/\/www.ambienteyenergia.gob.ec\/ambiente\/wp-content\/uploads\/sites\/2\/2013\/09\/Captura-de-pantalla-2013-09-30-a-las-22.27.21-449x300.gif 449w\" sizes=\"auto, (max-width: 650px) 100vw, 650px\" \/><\/a><\/p>\n","protected":false},"excerpt":{"rendered":"<p class=\"excerpt\">Hoy, la Ministra del Ambiente, Lorena Tapia, particip\u00f3 en una reuni\u00f3n con los alcaldes de la Mancomunidad Mundo Verde del Buen Vivir o SumakKawsay, con quienes esta Cartera de Estado, a trav\u00e9s del Programa Nacional para la Gesti\u00f3n Integral de Desechos S\u00f3lidos (PNGIDS) y el Instituto Nacional de Pre Inversi\u00f3n (INP), firm\u00f3 un convenio para ejecutar los \u201cEstudios de la&hellip; <a href=\"https:\/\/www.ambienteyenergia.gob.ec\/ambiente\/ministra-del-ambiente-lorena-tapia-impulsa-la-gestion-de-residuos-solidos-en-mancomunidad-del-buen-vivir\/\">Read more &rarr;<\/a><\/p>\n","protected":false},"author":13,"featured_media":15660,"comment_status":"open","ping_status":"open","sticky":false,"template":"","format":"standard","meta":{"footnotes":""},"categories":[16,4],"tags":[],"class_list":["post-15654","post","type-post","status-publish","format-standard","has-post-thumbnail","hentry","category-comunicamos","category-noticias","xfolkentry"],"_links":{"self":[{"href":"https:\/\/www.ambienteyenergia.gob.ec\/ambiente\/wp-json\/wp\/v2\/posts\/15654","targetHints":{"allow":["GET"]}}],"collection":[{"href":"https:\/\/www.ambienteyenergia.gob.ec\/ambiente\/wp-json\/wp\/v2\/posts"}],"about":[{"href":"https:\/\/www.ambienteyenergia.gob.ec\/ambiente\/wp-json\/wp\/v2\/types\/post"}],"author":[{"embeddable":true,"href":"https:\/\/www.ambienteyenergia.gob.ec\/ambiente\/wp-json\/wp\/v2\/users\/13"}],"replies":[{"embeddable":true,"href":"https:\/\/www.ambienteyenergia.gob.ec\/ambiente\/wp-json\/wp\/v2\/comments?post=15654"}],"version-history":[{"count":0,"href":"https:\/\/www.ambienteyenergia.gob.ec\/ambiente\/wp-json\/wp\/v2\/posts\/15654\/revisions"}],"wp:featuredmedia":[{"embeddable":true,"href":"https:\/\/www.ambienteyenergia.gob.ec\/ambiente\/wp-json\/wp\/v2\/media\/15660"}],"wp:attachment":[{"href":"https:\/\/www.ambienteyenergia.gob.ec\/ambiente\/wp-json\/wp\/v2\/media?parent=15654"}],"wp:term":[{"taxonomy":"category","embeddable":true,"href":"https:\/\/www.ambienteyenergia.gob.ec\/ambiente\/wp-json\/wp\/v2\/categories?post=15654"},{"taxonomy":"post_tag","embeddable":true,"href":"https:\/\/www.ambienteyenergia.gob.ec\/ambiente\/wp-json\/wp\/v2\/tags?post=15654"}],"curies":[{"name":"wp","href":"https:\/\/api.w.org\/{rel}","templated":true}]}}