{"id":15630,"date":"2013-09-30T17:46:47","date_gmt":"2013-09-30T22:46:47","guid":{"rendered":"http:\/\/www.ambiente.gob.ec\/?p=15630"},"modified":"2013-10-01T17:02:18","modified_gmt":"2013-10-01T22:02:18","slug":"operativos-de-control-en-esmeraldas-se-realizan-las-24-horas","status":"publish","type":"post","link":"https:\/\/www.ambienteyenergia.gob.ec\/ambiente\/operativos-de-control-en-esmeraldas-se-realizan-las-24-horas\/","title":{"rendered":"Operativos de control en Esmeraldas se realizan las 24 horas"},"content":{"rendered":"<p style=\"text-align: justify;\">Alrededor de 167 metros c\u00fabicos de madera han sido retenidos en la provincia de Esmeraldas, dentro de los primeros siete d\u00edas de Estado de Excepci\u00f3n, decretado por el Presidente de la Rep\u00fablica, Rafael Correa, el pasado 23 de septiembre.<\/p>\n<p style=\"text-align: justify;\">Los resultados se han registrado desde hace siete d\u00edas, cuando el Ministerio del Ambiente (MAE) intensific\u00f3 los controles para ejercer el ordenamiento y la regulaci\u00f3n en el \u00e1rea forestal de la provincia, operativizando el Decreto Ejecutivo 116.<\/p>\n<p style=\"text-align: justify;\">El proceso es liderado por el MAE, y proh\u00edbe la emisi\u00f3n de permisos de aprovechamiento forestal nativo y la renovaci\u00f3n de los existentes, durante el per\u00edodo de 60 d\u00edas. Para ello, esta Cartera de Estado ha reforzado su contingente t\u00e9cnico en coordinaci\u00f3n con las Fuerzas Armadas, la Polic\u00eda Nacional y la Fiscal\u00eda.<\/p>\n<p style=\"text-align: justify;\"><strong>Operativos de Control<\/strong><\/p>\n<p style=\"text-align: justify;\">M\u00e1s de 50 profesionales en materia forestal est\u00e1n a cargo de los frentes que el Ministerio del Ambiente maneja para la realizaci\u00f3n de acciones de inspecci\u00f3n y auditoria de los permisos ambientales.<\/p>\n<p style=\"text-align: justify;\">Los frentes est\u00e1n constituidos por Controles Fijos, en carretera, en los que el equipo t\u00e9cnico verifica si la madera que se est\u00e1 transportando es legal o ilegal. Esto, a trav\u00e9s de la revisi\u00f3n y autentificaci\u00f3n de los respectivos permisos, gu\u00edas ambientales y verificaciones en campo.<\/p>\n<p style=\"text-align: justify;\">A ello se suman los Controles M\u00f3viles en v\u00edas estrat\u00e9gicas, previamente identificadas por el MAE, en los que se efect\u00faan las mismas acciones de supervisi\u00f3n. Asimismo, al menos, 20 personas, se ubican\u00a0 <em>In Situ<\/em>, zonas de aprovechamiento forestal o actividades ilegales de extracci\u00f3n de madera, propiamente dichas. Su funci\u00f3n es comprobar que las actividades son legales y cotejar que los productos maderables provengan de sitios autorizados por la Autoridad Ambiental.<\/p>\n<p style=\"text-align: justify;\">Otro punto de intervenci\u00f3n son los lugares de Destino Final de la madera, como aserraderos. Personal del MAE comprueba si \u00e9stos son acreditados para ejercer esas funciones, y si el recurso forestal es legal.<\/p>\n<p style=\"text-align: justify;\">En caso de encontrar irregularidades, se abren expedientes administrativos para las personas que hayan incumplido con la normativa y se inician procesos legales.<\/p>\n<p style=\"text-align: justify;\">El MAE, como principal organismo rector ambiental del pa\u00eds, velar\u00e1 por el cumplimiento de estas acciones que permitir\u00e1n al Ecuador responder a una cultura forestal sostenible, que beneficie a las actuales y futuras generaciones.<\/p>\n<p style=\"text-align: justify;\">\n","protected":false},"excerpt":{"rendered":"<p class=\"excerpt\">Alrededor de 167 metros c\u00fabicos de madera han sido retenidos en la provincia de Esmeraldas, dentro de los primeros siete d\u00edas de Estado de Excepci\u00f3n, decretado por el Presidente de la Rep\u00fablica, Rafael Correa, el pasado 23 de septiembre. Los resultados se han registrado desde hace siete d\u00edas, cuando el Ministerio del Ambiente (MAE) intensific\u00f3 los controles para ejercer el&hellip; <a href=\"https:\/\/www.ambienteyenergia.gob.ec\/ambiente\/operativos-de-control-en-esmeraldas-se-realizan-las-24-horas\/\">Read more &rarr;<\/a><\/p>\n","protected":false},"author":13,"featured_media":15631,"comment_status":"open","ping_status":"open","sticky":false,"template":"","format":"standard","meta":{"footnotes":""},"categories":[16,4],"tags":[],"class_list":["post-15630","post","type-post","status-publish","format-standard","has-post-thumbnail","hentry","category-comunicamos","category-noticias","xfolkentry"],"_links":{"self":[{"href":"https:\/\/www.ambienteyenergia.gob.ec\/ambiente\/wp-json\/wp\/v2\/posts\/15630","targetHints":{"allow":["GET"]}}],"collection":[{"href":"https:\/\/www.ambienteyenergia.gob.ec\/ambiente\/wp-json\/wp\/v2\/posts"}],"about":[{"href":"https:\/\/www.ambienteyenergia.gob.ec\/ambiente\/wp-json\/wp\/v2\/types\/post"}],"author":[{"embeddable":true,"href":"https:\/\/www.ambienteyenergia.gob.ec\/ambiente\/wp-json\/wp\/v2\/users\/13"}],"replies":[{"embeddable":true,"href":"https:\/\/www.ambienteyenergia.gob.ec\/ambiente\/wp-json\/wp\/v2\/comments?post=15630"}],"version-history":[{"count":0,"href":"https:\/\/www.ambienteyenergia.gob.ec\/ambiente\/wp-json\/wp\/v2\/posts\/15630\/revisions"}],"wp:featuredmedia":[{"embeddable":true,"href":"https:\/\/www.ambienteyenergia.gob.ec\/ambiente\/wp-json\/wp\/v2\/media\/15631"}],"wp:attachment":[{"href":"https:\/\/www.ambienteyenergia.gob.ec\/ambiente\/wp-json\/wp\/v2\/media?parent=15630"}],"wp:term":[{"taxonomy":"category","embeddable":true,"href":"https:\/\/www.ambienteyenergia.gob.ec\/ambiente\/wp-json\/wp\/v2\/categories?post=15630"},{"taxonomy":"post_tag","embeddable":true,"href":"https:\/\/www.ambienteyenergia.gob.ec\/ambiente\/wp-json\/wp\/v2\/tags?post=15630"}],"curies":[{"name":"wp","href":"https:\/\/api.w.org\/{rel}","templated":true}]}}