{"id":15626,"date":"2013-09-30T17:30:50","date_gmt":"2013-09-30T22:30:50","guid":{"rendered":"http:\/\/www.ambiente.gob.ec\/?p=15626"},"modified":"2013-09-30T18:04:41","modified_gmt":"2013-09-30T23:04:41","slug":"mae-participa-en-feria-ciudadana-por-el-dia-internacional-del-turismo","status":"publish","type":"post","link":"https:\/\/www.ambienteyenergia.gob.ec\/ambiente\/mae-participa-en-feria-ciudadana-por-el-dia-internacional-del-turismo\/","title":{"rendered":"MAE participa en feria ciudadana por el D\u00eda Internacional del Turismo"},"content":{"rendered":"<p style=\"text-align: justify;\">El Ministerio del Ambiente (MAE), a trav\u00e9s de la Direcci\u00f3n Provincial y las \u00e1reas protegidas como El Parque Nacional Sangay y la Reserva de Producci\u00f3n de Fauna Chimborazo, particip\u00f3 en la I Expo Feria Tur\u00edstica, al conmemorar el d\u00eda Mundial del Turismo, el pasado 27 de septiembre.<\/p>\n<p style=\"text-align: justify;\">Esta feria se desarroll\u00f3 en la estaci\u00f3n del tren denominada \u201cPlaza Alfaro\u201d de la ciudad de Riobamba, donde \u00a0instituciones educativas de nivel superior, asociaciones y empresas dedicadas a esta actividad expusieron sus productos, paquetes y destinos tur\u00edsticos.<\/p>\n<p style=\"text-align: justify;\">El stand del MAE socializ\u00f3 temas relacionados con la gesti\u00f3n en \u00e1reas protegidas, informado sobre las normas de visita y las diferentes actividades permitidas en estas zonas. A su vez, se entreg\u00f3 material promocional e informativo a los visitantes.<\/p>\n<p style=\"text-align: justify;\">Marco Toledo, Coordinador Zonal 3 del Ministerio de Turismo, agradeci\u00f3 la presencia del MAE y se comprometi\u00f3 a seguir trabajando en coordinaci\u00f3n con esta cartera de Estado en la difusi\u00f3n de espacios de importancia tur\u00edstica para la provincia de Chimborazo.<\/p>\n","protected":false},"excerpt":{"rendered":"<p class=\"excerpt\">El Ministerio del Ambiente (MAE), a trav\u00e9s de la Direcci\u00f3n Provincial y las \u00e1reas protegidas como El Parque Nacional Sangay y la Reserva de Producci\u00f3n de Fauna Chimborazo, particip\u00f3 en la I Expo Feria Tur\u00edstica, al conmemorar el d\u00eda Mundial del Turismo, el pasado 27 de septiembre. Esta feria se desarroll\u00f3 en la estaci\u00f3n del tren denominada \u201cPlaza Alfaro\u201d de&hellip; <a href=\"https:\/\/www.ambienteyenergia.gob.ec\/ambiente\/mae-participa-en-feria-ciudadana-por-el-dia-internacional-del-turismo\/\">Read more &rarr;<\/a><\/p>\n","protected":false},"author":13,"featured_media":15628,"comment_status":"open","ping_status":"open","sticky":false,"template":"","format":"standard","meta":{"footnotes":""},"categories":[16,4],"tags":[],"class_list":["post-15626","post","type-post","status-publish","format-standard","has-post-thumbnail","hentry","category-comunicamos","category-noticias","xfolkentry"],"_links":{"self":[{"href":"https:\/\/www.ambienteyenergia.gob.ec\/ambiente\/wp-json\/wp\/v2\/posts\/15626","targetHints":{"allow":["GET"]}}],"collection":[{"href":"https:\/\/www.ambienteyenergia.gob.ec\/ambiente\/wp-json\/wp\/v2\/posts"}],"about":[{"href":"https:\/\/www.ambienteyenergia.gob.ec\/ambiente\/wp-json\/wp\/v2\/types\/post"}],"author":[{"embeddable":true,"href":"https:\/\/www.ambienteyenergia.gob.ec\/ambiente\/wp-json\/wp\/v2\/users\/13"}],"replies":[{"embeddable":true,"href":"https:\/\/www.ambienteyenergia.gob.ec\/ambiente\/wp-json\/wp\/v2\/comments?post=15626"}],"version-history":[{"count":0,"href":"https:\/\/www.ambienteyenergia.gob.ec\/ambiente\/wp-json\/wp\/v2\/posts\/15626\/revisions"}],"wp:featuredmedia":[{"embeddable":true,"href":"https:\/\/www.ambienteyenergia.gob.ec\/ambiente\/wp-json\/wp\/v2\/media\/15628"}],"wp:attachment":[{"href":"https:\/\/www.ambienteyenergia.gob.ec\/ambiente\/wp-json\/wp\/v2\/media?parent=15626"}],"wp:term":[{"taxonomy":"category","embeddable":true,"href":"https:\/\/www.ambienteyenergia.gob.ec\/ambiente\/wp-json\/wp\/v2\/categories?post=15626"},{"taxonomy":"post_tag","embeddable":true,"href":"https:\/\/www.ambienteyenergia.gob.ec\/ambiente\/wp-json\/wp\/v2\/tags?post=15626"}],"curies":[{"name":"wp","href":"https:\/\/api.w.org\/{rel}","templated":true}]}}