{"id":15618,"date":"2013-09-30T17:15:44","date_gmt":"2013-09-30T22:15:44","guid":{"rendered":"http:\/\/www.ambiente.gob.ec\/?p=15618"},"modified":"2013-09-30T17:15:44","modified_gmt":"2013-09-30T22:15:44","slug":"mae-participo-en-v-encuentro-ciudadano-por-el-buen-vivir-2013-en-santo-domingo-de-los-tsachilas","status":"publish","type":"post","link":"https:\/\/www.ambienteyenergia.gob.ec\/ambiente\/mae-participo-en-v-encuentro-ciudadano-por-el-buen-vivir-2013-en-santo-domingo-de-los-tsachilas\/","title":{"rendered":"MAE particip\u00f3 en V Encuentro Ciudadano por el Buen Vivir 2013, en Santo Domingo de los Ts\u00e1chilas"},"content":{"rendered":"<p style=\"text-align: justify;\">El pasado 29 de septiembre, el Ministerio del Ambiente (MAE), a trav\u00e9s de la Direcci\u00f3n Provincial de Santo Domingo de los Ts\u00e1chilas, particip\u00f3 con un Stand en el V Encuentro Ciudadano Por El Buen Vivir 2013, realizado en la pre parroquia Nuevo Israel.<\/p>\n<p style=\"text-align: justify;\">Funcionarios de las Unidades de Patrimonio Natural y Calidad Ambiental explicaron las acciones que esta Cartera de Estado efect\u00faa en sus Programas y Proyectos en temas ambiental, forestal y de biodiversidad, contribuyendo as\u00ed al fortalecimiento de la gesti\u00f3n gubernamental en la provincia.<\/p>\n<p style=\"text-align: justify;\">Adem\u00e1s, se implemento la <strong>campa\u00f1a \u00abPlanta un \u00e1rbol\u00bb, misma<\/strong> que tuvo excelente aceptaci\u00f3n de los asistentes. Se entregaron\u00a0 150 ejemplares de especies maderables como guayac\u00e1n nativo (<em>Tabebuia chrysantha<\/em>), moral fino (<em>Maclura tinctoria<\/em>) y cedro (<em>Cedrela odorata<\/em>).<\/p>\n<p style=\"text-align: justify;\">Los ciudadanos se comprometieron a plantar los \u00e1rboles en un sitio definitivo para contribuir a purificar el aire y crear un entorno acorde al ecosistema natural.<\/p>\n<p style=\"text-align: justify;\">Otros temas tratados fueron el reciclaje, reforestaci\u00f3n, cuidado del ambiente, y rescate de vida silvestre.<\/p>\n<p style=\"text-align: justify;\"><a href=\"http:\/\/www.ambienteyenergia.gob.ec\/ambiente\/wp-content\/uploads\/2013\/09\/ESPECIES-FOR.-2013.jpg\"><img loading=\"lazy\" decoding=\"async\" class=\"aligncenter size-full wp-image-15620\" title=\"MAE particip\u00f3 en V Encuentro Ciudadano por el Buen Vivir 2013, en Santo Domingo de los Ts\u00e1chilas \" src=\"http:\/\/www.ambienteyenergia.gob.ec\/ambiente\/wp-content\/uploads\/2013\/09\/ESPECIES-FOR.-2013.jpg\" alt=\"\" width=\"650\" height=\"488\" srcset=\"https:\/\/www.ambienteyenergia.gob.ec\/ambiente\/wp-content\/uploads\/sites\/2\/2013\/09\/ESPECIES-FOR.-2013.jpg 650w, https:\/\/www.ambienteyenergia.gob.ec\/ambiente\/wp-content\/uploads\/sites\/2\/2013\/09\/ESPECIES-FOR.-2013-300x225.jpg 300w, https:\/\/www.ambienteyenergia.gob.ec\/ambiente\/wp-content\/uploads\/sites\/2\/2013\/09\/ESPECIES-FOR.-2013-399x300.jpg 399w\" sizes=\"auto, (max-width: 650px) 100vw, 650px\" \/><\/a><\/p>\n","protected":false},"excerpt":{"rendered":"<p class=\"excerpt\">El pasado 29 de septiembre, el Ministerio del Ambiente (MAE), a trav\u00e9s de la Direcci\u00f3n Provincial de Santo Domingo de los Ts\u00e1chilas, particip\u00f3 con un Stand en el V Encuentro Ciudadano Por El Buen Vivir 2013, realizado en la pre parroquia Nuevo Israel. Funcionarios de las Unidades de Patrimonio Natural y Calidad Ambiental explicaron las acciones que esta Cartera de&hellip; <a href=\"https:\/\/www.ambienteyenergia.gob.ec\/ambiente\/mae-participo-en-v-encuentro-ciudadano-por-el-buen-vivir-2013-en-santo-domingo-de-los-tsachilas\/\">Read more &rarr;<\/a><\/p>\n","protected":false},"author":13,"featured_media":15619,"comment_status":"open","ping_status":"open","sticky":false,"template":"","format":"standard","meta":{"footnotes":""},"categories":[16,4],"tags":[],"class_list":["post-15618","post","type-post","status-publish","format-standard","has-post-thumbnail","hentry","category-comunicamos","category-noticias","xfolkentry"],"_links":{"self":[{"href":"https:\/\/www.ambienteyenergia.gob.ec\/ambiente\/wp-json\/wp\/v2\/posts\/15618","targetHints":{"allow":["GET"]}}],"collection":[{"href":"https:\/\/www.ambienteyenergia.gob.ec\/ambiente\/wp-json\/wp\/v2\/posts"}],"about":[{"href":"https:\/\/www.ambienteyenergia.gob.ec\/ambiente\/wp-json\/wp\/v2\/types\/post"}],"author":[{"embeddable":true,"href":"https:\/\/www.ambienteyenergia.gob.ec\/ambiente\/wp-json\/wp\/v2\/users\/13"}],"replies":[{"embeddable":true,"href":"https:\/\/www.ambienteyenergia.gob.ec\/ambiente\/wp-json\/wp\/v2\/comments?post=15618"}],"version-history":[{"count":0,"href":"https:\/\/www.ambienteyenergia.gob.ec\/ambiente\/wp-json\/wp\/v2\/posts\/15618\/revisions"}],"wp:featuredmedia":[{"embeddable":true,"href":"https:\/\/www.ambienteyenergia.gob.ec\/ambiente\/wp-json\/wp\/v2\/media\/15619"}],"wp:attachment":[{"href":"https:\/\/www.ambienteyenergia.gob.ec\/ambiente\/wp-json\/wp\/v2\/media?parent=15618"}],"wp:term":[{"taxonomy":"category","embeddable":true,"href":"https:\/\/www.ambienteyenergia.gob.ec\/ambiente\/wp-json\/wp\/v2\/categories?post=15618"},{"taxonomy":"post_tag","embeddable":true,"href":"https:\/\/www.ambienteyenergia.gob.ec\/ambiente\/wp-json\/wp\/v2\/tags?post=15618"}],"curies":[{"name":"wp","href":"https:\/\/api.w.org\/{rel}","templated":true}]}}