{"id":15615,"date":"2013-09-30T17:11:54","date_gmt":"2013-09-30T22:11:54","guid":{"rendered":"http:\/\/www.ambiente.gob.ec\/?p=15615"},"modified":"2013-09-30T17:57:00","modified_gmt":"2013-09-30T22:57:00","slug":"proyecto-servicio-civil-ciudadano-ambiental-inicia-en-loja","status":"publish","type":"post","link":"https:\/\/www.ambienteyenergia.gob.ec\/ambiente\/proyecto-servicio-civil-ciudadano-ambiental-inicia-en-loja\/","title":{"rendered":"Proyecto Servicio Civil Ciudadano Ambiental inicia en Loja"},"content":{"rendered":"<p style=\"text-align: justify;\">Hoy, Carlos Espinosa, Coordinador Zonal 7 del Ministerio del Ambiente (MAE), dio la bienvenida a 30 j\u00f3venes de la provincia de Loja, quienes a partir de este martes 1 de octubre formar\u00e1n parte del proyecto Servicio Civil Ciudadano, promovido por esta Cartera de Estado a escala nacional.<\/p>\n<p style=\"text-align: justify;\">El MAE desarrollar\u00e1 con los voluntarios actividades de\u00a0 reforestaci\u00f3n, manejo adecuado de desechos s\u00f3lidos, promoci\u00f3n del cuidado de las \u00e1reas protegidas y educaci\u00f3n ambiental, entre otras actividades. El proyecto est\u00e1 dirigido a j\u00f3venes de entre 18 y 26 a\u00f1os.<\/p>\n<p style=\"text-align: justify;\">Silvana Silva, delegada del Ministerio de Relaciones Laborales, indic\u00f3 que al final todos son beneficiarios del proyecto, especialmente\u00a0 los j\u00f3venes, quienes recibir\u00e1n un reconocimiento y preferencias para la obtenci\u00f3n de becas y oportunidades laborales en la red Socio Empleo, entre otras.<\/p>\n<p style=\"text-align: justify;\">Los j\u00f3venes presentes en el acto de inauguraci\u00f3n expresaron su entusiasmo por participar en el programa. \u201cLos integrantes tienen grandes expectativas a favor del ambiente y de convertirse en mejores ciudadanos\u201d, mencion\u00f3 Juan Carlos Ortega, monitor del proyecto en Loja.<\/p>\n","protected":false},"excerpt":{"rendered":"<p class=\"excerpt\">Hoy, Carlos Espinosa, Coordinador Zonal 7 del Ministerio del Ambiente (MAE), dio la bienvenida a 30 j\u00f3venes de la provincia de Loja, quienes a partir de este martes 1 de octubre formar\u00e1n parte del proyecto Servicio Civil Ciudadano, promovido por esta Cartera de Estado a escala nacional. El MAE desarrollar\u00e1 con los voluntarios actividades de\u00a0 reforestaci\u00f3n, manejo adecuado de desechos&hellip; <a href=\"https:\/\/www.ambienteyenergia.gob.ec\/ambiente\/proyecto-servicio-civil-ciudadano-ambiental-inicia-en-loja\/\">Read more &rarr;<\/a><\/p>\n","protected":false},"author":13,"featured_media":15616,"comment_status":"open","ping_status":"open","sticky":false,"template":"","format":"standard","meta":{"footnotes":""},"categories":[16,4],"tags":[],"class_list":["post-15615","post","type-post","status-publish","format-standard","has-post-thumbnail","hentry","category-comunicamos","category-noticias","xfolkentry"],"_links":{"self":[{"href":"https:\/\/www.ambienteyenergia.gob.ec\/ambiente\/wp-json\/wp\/v2\/posts\/15615","targetHints":{"allow":["GET"]}}],"collection":[{"href":"https:\/\/www.ambienteyenergia.gob.ec\/ambiente\/wp-json\/wp\/v2\/posts"}],"about":[{"href":"https:\/\/www.ambienteyenergia.gob.ec\/ambiente\/wp-json\/wp\/v2\/types\/post"}],"author":[{"embeddable":true,"href":"https:\/\/www.ambienteyenergia.gob.ec\/ambiente\/wp-json\/wp\/v2\/users\/13"}],"replies":[{"embeddable":true,"href":"https:\/\/www.ambienteyenergia.gob.ec\/ambiente\/wp-json\/wp\/v2\/comments?post=15615"}],"version-history":[{"count":0,"href":"https:\/\/www.ambienteyenergia.gob.ec\/ambiente\/wp-json\/wp\/v2\/posts\/15615\/revisions"}],"wp:featuredmedia":[{"embeddable":true,"href":"https:\/\/www.ambienteyenergia.gob.ec\/ambiente\/wp-json\/wp\/v2\/media\/15616"}],"wp:attachment":[{"href":"https:\/\/www.ambienteyenergia.gob.ec\/ambiente\/wp-json\/wp\/v2\/media?parent=15615"}],"wp:term":[{"taxonomy":"category","embeddable":true,"href":"https:\/\/www.ambienteyenergia.gob.ec\/ambiente\/wp-json\/wp\/v2\/categories?post=15615"},{"taxonomy":"post_tag","embeddable":true,"href":"https:\/\/www.ambienteyenergia.gob.ec\/ambiente\/wp-json\/wp\/v2\/tags?post=15615"}],"curies":[{"name":"wp","href":"https:\/\/api.w.org\/{rel}","templated":true}]}}