{"id":15612,"date":"2013-09-30T10:42:45","date_gmt":"2013-09-30T15:42:45","guid":{"rendered":"http:\/\/www.ambiente.gob.ec\/?p=15612"},"modified":"2013-09-30T10:42:45","modified_gmt":"2013-09-30T15:42:45","slug":"ecuador-cuenta-con-una-autoridad-ambiental-fortalecida-frente-a-ejecucion-de-actividades-hidrocarburiferas","status":"publish","type":"post","link":"https:\/\/www.ambienteyenergia.gob.ec\/ambiente\/ecuador-cuenta-con-una-autoridad-ambiental-fortalecida-frente-a-ejecucion-de-actividades-hidrocarburiferas\/","title":{"rendered":"Ecuador cuenta con una Autoridad Ambiental fortalecida frente a ejecuci\u00f3n de actividades hidrocarbur\u00edferas"},"content":{"rendered":"<p style=\"text-align: justify;\">La Gerente General del Programa de Reparaci\u00f3n Ambiental y Social (PRAS), Paola Carrera, particip\u00f3 el pasado 27 de septiembre, en la XVI Expo Feria Ecuador Oil and Power, en donde destac\u00f3 la gesti\u00f3n institucional del Ministerio del Ambiente (MAE) respecto a temas de seguridad, salud y ambiente. All\u00ed recalc\u00f3, la gesti\u00f3n de la Secretar\u00eda de Ambiente como una entidad fortalecida y comprometida con el control y fiscalizaci\u00f3n de actividades hidrocarbur\u00edferas.<\/p>\n<p style=\"text-align: justify;\">En su intervenci\u00f3n, Carrera se\u00f1al\u00f3 los aspectos t\u00e9cnico-jur\u00eddicos que sustentan el trabajo de la Autoridad Ambiental, dando fiel cumplimiento a la Constituci\u00f3n del Ecuador que reconoce el derecho a la poblaci\u00f3n a vivir en un ambiente sano y ecol\u00f3gicamente equilibrado, adem\u00e1s, de garantizar la sostenibilidad y el Buen Vivir. As\u00ed es como el art\u00edculo 14 \u201cdeclara el inter\u00e9s p\u00fablico, la preservaci\u00f3n del ambiente, la conservaci\u00f3n de los ecosistemas, la prevenci\u00f3n del da\u00f1o ambiental y la recuperaci\u00f3n de los espacios ambientales\u201d.<\/p>\n<p style=\"text-align: justify;\">En este contexto, la Gerente del PRAS resalt\u00f3 la creaci\u00f3n en el 2008 del Programa de Reparaci\u00f3n Ambiental y Social (PRAS) como una iniciativa del MAE dirigida a promover la gesti\u00f3n integral de los pasivos ambientales y sociales producidos por el desarrollo de actividades econ\u00f3micas, generadas por actores p\u00fablicos y privados, incorporando lineamientos de reparaci\u00f3n integral en la pol\u00edtica nacional.<\/p>\n<p style=\"text-align: justify;\">A trav\u00e9s del Sistema de Informaci\u00f3n Nacional de Indicadores de Pasivos Ambientales y Sociales (SINPAS), el MAE genera sistemas de informaci\u00f3n relacionados con la reparaci\u00f3n integral de pasivos y\/o da\u00f1os socioambientales a nivel nacional.<\/p>\n<p style=\"text-align: justify;\">Adem\u00e1s, la Valoraci\u00f3n de Pasivos Socio Ambientales (VALPAS) permite la promoci\u00f3n del desarrollo de una metodolog\u00eda de valoraci\u00f3n de los pasivos socioambientales que comprende la identificaci\u00f3n integral del contexto social y ambiental para determinar el impacto del pasivo y cuantificarlo econ\u00f3micamente. De esta forma, el Estado busca que el causante del da\u00f1o implemente planes de reparaci\u00f3n.<\/p>\n<p style=\"text-align: justify;\">Finalmente, la Gerente del PRAS comparti\u00f3 con los asistentes los proyectos emblem\u00e1ticos que se realiza desde este Programa de Reparaci\u00f3n, los mismos que tienen que ver con la construcci\u00f3n e implementaci\u00f3n de los planes de reparaci\u00f3n integral en las cuencas hidrogr\u00e1ficas: Pacayacu, Puyango, Balao, Gala, Siete, Tenguel y Pagua. Estas cuencas fueron priorizadas por el MAE-PRAS porque se ha identificado una serie de impactos negativos, de gran magnitud, provenientes de la contaminaci\u00f3n generalizada de los cuerpos h\u00eddricos de esas zonas.<\/p>\n<p>&nbsp;<\/p>\n<p>&nbsp;<\/p>\n","protected":false},"excerpt":{"rendered":"<p class=\"excerpt\">La Gerente General del Programa de Reparaci\u00f3n Ambiental y Social (PRAS), Paola Carrera, particip\u00f3 el pasado 27 de septiembre, en la XVI Expo Feria Ecuador Oil and Power, en donde destac\u00f3 la gesti\u00f3n institucional del Ministerio del Ambiente (MAE) respecto a temas de seguridad, salud y ambiente. All\u00ed recalc\u00f3, la gesti\u00f3n de la Secretar\u00eda de Ambiente como una entidad fortalecida&hellip; <a href=\"https:\/\/www.ambienteyenergia.gob.ec\/ambiente\/ecuador-cuenta-con-una-autoridad-ambiental-fortalecida-frente-a-ejecucion-de-actividades-hidrocarburiferas\/\">Read more &rarr;<\/a><\/p>\n","protected":false},"author":13,"featured_media":15613,"comment_status":"open","ping_status":"open","sticky":false,"template":"","format":"standard","meta":{"footnotes":""},"categories":[16,4],"tags":[],"class_list":["post-15612","post","type-post","status-publish","format-standard","has-post-thumbnail","hentry","category-comunicamos","category-noticias","xfolkentry"],"_links":{"self":[{"href":"https:\/\/www.ambienteyenergia.gob.ec\/ambiente\/wp-json\/wp\/v2\/posts\/15612","targetHints":{"allow":["GET"]}}],"collection":[{"href":"https:\/\/www.ambienteyenergia.gob.ec\/ambiente\/wp-json\/wp\/v2\/posts"}],"about":[{"href":"https:\/\/www.ambienteyenergia.gob.ec\/ambiente\/wp-json\/wp\/v2\/types\/post"}],"author":[{"embeddable":true,"href":"https:\/\/www.ambienteyenergia.gob.ec\/ambiente\/wp-json\/wp\/v2\/users\/13"}],"replies":[{"embeddable":true,"href":"https:\/\/www.ambienteyenergia.gob.ec\/ambiente\/wp-json\/wp\/v2\/comments?post=15612"}],"version-history":[{"count":0,"href":"https:\/\/www.ambienteyenergia.gob.ec\/ambiente\/wp-json\/wp\/v2\/posts\/15612\/revisions"}],"wp:featuredmedia":[{"embeddable":true,"href":"https:\/\/www.ambienteyenergia.gob.ec\/ambiente\/wp-json\/wp\/v2\/media\/15613"}],"wp:attachment":[{"href":"https:\/\/www.ambienteyenergia.gob.ec\/ambiente\/wp-json\/wp\/v2\/media?parent=15612"}],"wp:term":[{"taxonomy":"category","embeddable":true,"href":"https:\/\/www.ambienteyenergia.gob.ec\/ambiente\/wp-json\/wp\/v2\/categories?post=15612"},{"taxonomy":"post_tag","embeddable":true,"href":"https:\/\/www.ambienteyenergia.gob.ec\/ambiente\/wp-json\/wp\/v2\/tags?post=15612"}],"curies":[{"name":"wp","href":"https:\/\/api.w.org\/{rel}","templated":true}]}}