{"id":15609,"date":"2013-09-30T10:39:38","date_gmt":"2013-09-30T15:39:38","guid":{"rendered":"http:\/\/www.ambiente.gob.ec\/?p=15609"},"modified":"2013-09-30T17:59:21","modified_gmt":"2013-09-30T22:59:21","slug":"mae-socializo-normativa-forestal-en-bolivar","status":"publish","type":"post","link":"https:\/\/www.ambienteyenergia.gob.ec\/ambiente\/mae-socializo-normativa-forestal-en-bolivar\/","title":{"rendered":"MAE socializ\u00f3 Normativa Forestal en Bol\u00edvar"},"content":{"rendered":"<p style=\"text-align: justify;\">El Ministerio del Ambiente (MAE), en coordinaci\u00f3n con el Gobierno Aut\u00f3nomo Descentralizado de la Parroquia Telimbela, organiz\u00f3 una socializaci\u00f3n de la Normativa Forestal y de Vida silvestre, con el objetivo de prevenir la tala y la caza ilegal de animales silvestres, as\u00ed como, los incendios forestales, a trav\u00e9s de la difusi\u00f3n del Programa Socio Bosque. Al evento asistieron alrededor de 80 personas pertenecientes al cant\u00f3n Chimbo, provincia de Bol\u00edvar.<\/p>\n<p style=\"text-align: justify;\">En la capacitaci\u00f3n se trataron temas de Aprovechamiento Forestal, movilizaci\u00f3n de productos forestales y diferentes tipos de madera (ca\u00f1a guadua, cascarilla, tagua, etc), su procedimiento e infracciones.<\/p>\n<p style=\"text-align: justify;\">Adem\u00e1s, se explic\u00f3 m\u00e1s sobre el Programa Socio Bosque, cap\u00edtulo Restauraci\u00f3n con la finalidad de lograr la meta del programa, que es \u201cincrementar la provisi\u00f3n de servicios ecosist\u00e9micos, mediante actividades de restauraci\u00f3n ecol\u00f3gica, aplicadas en \u00e1reas que se encuentran en procesos de degradaci\u00f3n, bajo un enfoque de manejo integral del paisaje y que favorezca la mejora en la calidad de vida de sus habitantes\u201d.<\/p>\n<p style=\"text-align: justify;\" align=\"JUSTIFY\">\n","protected":false},"excerpt":{"rendered":"<p class=\"excerpt\">El Ministerio del Ambiente (MAE), en coordinaci\u00f3n con el Gobierno Aut\u00f3nomo Descentralizado de la Parroquia Telimbela, organiz\u00f3 una socializaci\u00f3n de la Normativa Forestal y de Vida silvestre, con el objetivo de prevenir la tala y la caza ilegal de animales silvestres, as\u00ed como, los incendios forestales, a trav\u00e9s de la difusi\u00f3n del Programa Socio Bosque. Al evento asistieron alrededor de&hellip; <a href=\"https:\/\/www.ambienteyenergia.gob.ec\/ambiente\/mae-socializo-normativa-forestal-en-bolivar\/\">Read more &rarr;<\/a><\/p>\n","protected":false},"author":13,"featured_media":15610,"comment_status":"open","ping_status":"open","sticky":false,"template":"","format":"standard","meta":{"footnotes":""},"categories":[16,4],"tags":[],"class_list":["post-15609","post","type-post","status-publish","format-standard","has-post-thumbnail","hentry","category-comunicamos","category-noticias","xfolkentry"],"_links":{"self":[{"href":"https:\/\/www.ambienteyenergia.gob.ec\/ambiente\/wp-json\/wp\/v2\/posts\/15609","targetHints":{"allow":["GET"]}}],"collection":[{"href":"https:\/\/www.ambienteyenergia.gob.ec\/ambiente\/wp-json\/wp\/v2\/posts"}],"about":[{"href":"https:\/\/www.ambienteyenergia.gob.ec\/ambiente\/wp-json\/wp\/v2\/types\/post"}],"author":[{"embeddable":true,"href":"https:\/\/www.ambienteyenergia.gob.ec\/ambiente\/wp-json\/wp\/v2\/users\/13"}],"replies":[{"embeddable":true,"href":"https:\/\/www.ambienteyenergia.gob.ec\/ambiente\/wp-json\/wp\/v2\/comments?post=15609"}],"version-history":[{"count":0,"href":"https:\/\/www.ambienteyenergia.gob.ec\/ambiente\/wp-json\/wp\/v2\/posts\/15609\/revisions"}],"wp:featuredmedia":[{"embeddable":true,"href":"https:\/\/www.ambienteyenergia.gob.ec\/ambiente\/wp-json\/wp\/v2\/media\/15610"}],"wp:attachment":[{"href":"https:\/\/www.ambienteyenergia.gob.ec\/ambiente\/wp-json\/wp\/v2\/media?parent=15609"}],"wp:term":[{"taxonomy":"category","embeddable":true,"href":"https:\/\/www.ambienteyenergia.gob.ec\/ambiente\/wp-json\/wp\/v2\/categories?post=15609"},{"taxonomy":"post_tag","embeddable":true,"href":"https:\/\/www.ambienteyenergia.gob.ec\/ambiente\/wp-json\/wp\/v2\/tags?post=15609"}],"curies":[{"name":"wp","href":"https:\/\/api.w.org\/{rel}","templated":true}]}}